{"id":31689,"date":"2019-12-26T13:47:28","date_gmt":"2019-12-26T16:47:28","guid":{"rendered":"http:\/\/www.radio94fm.net\/site\/?p=31689"},"modified":"2019-12-26T13:47:28","modified_gmt":"2019-12-26T16:47:28","slug":"coral-formado-por-acolhidos-de-instituicao-emociona-publico-em-apresentacao","status":"publish","type":"post","link":"https:\/\/radio94fm.net\/site\/coral-formado-por-acolhidos-de-instituicao-emociona-publico-em-apresentacao\/","title":{"rendered":"Coral formado por acolhidos de institui\u00e7\u00e3o emociona p\u00fablico em apresenta\u00e7\u00e3o"},"content":{"rendered":"<p><img decoding=\"async\" src=\"http:\/\/radio94fm.net\/site\/wp-content\/uploads\/2016\/12\/FIQUE-POR-DENTRO-BANNER-DENTRO-2.gif\"><\/p>\n<p>&nbsp;<\/p>\n<p>&nbsp;<\/p>\n<p>&nbsp;<\/p>\n<p><span style=\"font-weight: 400;\">A \u00faltima edi\u00e7\u00e3o de 2019 do Projeto M\u00fasica no Museu foi realizado no \u00faltima quinta-feira, dia 28 de novembro. A apresenta\u00e7\u00e3o contou com a presen\u00e7a de um novo Coral formado recentemente na cidade, o Coral da Comunidade Eterna Miseric\u00f3rdia, formado por acolhidos da institui\u00e7\u00e3o. Clique abaixo para ouvir a mat\u00e9ria\u2026<\/span><\/p>\n<p>&nbsp;<\/p>\n<p>&nbsp;<\/p>\n<audio class=\"wp-audio-shortcode\" id=\"audio-31689-1\" preload=\"none\" style=\"width: 100%;\" controls=\"controls\"><source type=\"audio\/mpeg\" src=\"https:\/\/www.radio94fm.net\/site\/wp-content\/uploads\/2019\/12\/FPD-CORAL-ETERNA-MISERICORDIA-13-12-19-Pedro.mp3?_=1\" \/><a href=\"https:\/\/www.radio94fm.net\/site\/wp-content\/uploads\/2019\/12\/FPD-CORAL-ETERNA-MISERICORDIA-13-12-19-Pedro.mp3\">https:\/\/www.radio94fm.net\/site\/wp-content\/uploads\/2019\/12\/FPD-CORAL-ETERNA-MISERICORDIA-13-12-19-Pedro.mp3<\/a><\/audio>\n<p>&nbsp;<\/p>\n<p>&nbsp;<\/p>\n<p>&nbsp;<\/p>\n<p><img loading=\"lazy\" decoding=\"async\" title=\"\" src=\"http:\/\/radio94fm.net\/site\/wp-content\/uploads\/2017\/05\/FIQUE-POR-DENTRO-HORARIO-6-1.gif\" alt=\"\" width=\"604\" height=\"144\"><\/p>\n","protected":false},"excerpt":{"rendered":"<p>&nbsp; &nbsp; &nbsp; A \u00faltima edi\u00e7\u00e3o de 2019 do Projeto M\u00fasica no Museu foi realizado no \u00faltima quinta-feira, dia 28 de novembro. A apresenta\u00e7\u00e3o contou com a presen\u00e7a de um novo Coral formado recentemente na cidade, o Coral da Comunidade Eterna Miseric\u00f3rdia, formado por acolhidos da institui\u00e7\u00e3o. Clique abaixo para ouvir a mat\u00e9ria\u2026 &nbsp; &nbsp;&#8230;<\/p>\n","protected":false},"author":1,"featured_media":31297,"comment_status":"open","ping_status":"closed","sticky":false,"template":"","format":"standard","meta":{"ngg_post_thumbnail":0,"footnotes":""},"categories":[54],"tags":[],"class_list":["post-31689","post","type-post","status-publish","format-standard","has-post-thumbnail","hentry","category-fique-por-dentro","have-post-thumb"],"_links":{"self":[{"href":"https:\/\/radio94fm.net\/site\/wp-json\/wp\/v2\/posts\/31689","targetHints":{"allow":["GET"]}}],"collection":[{"href":"https:\/\/radio94fm.net\/site\/wp-json\/wp\/v2\/posts"}],"about":[{"href":"https:\/\/radio94fm.net\/site\/wp-json\/wp\/v2\/types\/post"}],"author":[{"embeddable":true,"href":"https:\/\/radio94fm.net\/site\/wp-json\/wp\/v2\/users\/1"}],"replies":[{"embeddable":true,"href":"https:\/\/radio94fm.net\/site\/wp-json\/wp\/v2\/comments?post=31689"}],"version-history":[{"count":0,"href":"https:\/\/radio94fm.net\/site\/wp-json\/wp\/v2\/posts\/31689\/revisions"}],"wp:attachment":[{"href":"https:\/\/radio94fm.net\/site\/wp-json\/wp\/v2\/media?parent=31689"}],"wp:term":[{"taxonomy":"category","embeddable":true,"href":"https:\/\/radio94fm.net\/site\/wp-json\/wp\/v2\/categories?post=31689"},{"taxonomy":"post_tag","embeddable":true,"href":"https:\/\/radio94fm.net\/site\/wp-json\/wp\/v2\/tags?post=31689"}],"curies":[{"name":"wp","href":"https:\/\/api.w.org\/{rel}","templated":true}]}}