{"id":31675,"date":"2019-12-16T13:26:08","date_gmt":"2019-12-16T16:26:08","guid":{"rendered":"http:\/\/www.radio94fm.net\/site\/?p=31675"},"modified":"2019-12-16T13:26:08","modified_gmt":"2019-12-16T16:26:08","slug":"estudantes-do-unilavras-promovem-campanha-de-natal-para-ajudar-criancas-carentes-em-nepomuceno","status":"publish","type":"post","link":"https:\/\/radio94fm.net\/site\/estudantes-do-unilavras-promovem-campanha-de-natal-para-ajudar-criancas-carentes-em-nepomuceno\/","title":{"rendered":"Estudantes do Unilavras promovem campanha de natal para ajudar crian\u00e7as carentes em Nepomuceno"},"content":{"rendered":"<p><img decoding=\"async\" src=\"http:\/\/radio94fm.net\/site\/wp-content\/uploads\/2016\/12\/FIQUE-POR-DENTRO-BANNER-DENTRO-2.gif\"><\/p>\n<p>&nbsp;<\/p>\n<p>&nbsp;<\/p>\n<p>&nbsp;<\/p>\n<p><span style=\"font-weight: 400;\">Neste m\u00eas, os estudantes do Centro Universit\u00e1rio de Lavras &#8211; Unilavras, est\u00e3o promovendo uma&nbsp; campanha de Natal que ir\u00e1 ajudar as crian\u00e7as acolhidas pela Associa\u00e7\u00e3o Fam\u00edlia Adonai em Neponuceno. Clique e confira a mat\u00e9ria:<\/span><\/p>\n<p>&nbsp;<\/p>\n<p>&nbsp;<\/p>\n<p>&nbsp;<\/p>\n<audio class=\"wp-audio-shortcode\" id=\"audio-31675-1\" preload=\"none\" style=\"width: 100%;\" controls=\"controls\"><source type=\"audio\/mpeg\" src=\"https:\/\/www.radio94fm.net\/site\/wp-content\/uploads\/2019\/12\/FPD-CAMP.-NATAL-ESTUDANTES-DO-UNILAVRAS-12-12-19-Adelina.mp3?_=1\" \/><a href=\"https:\/\/www.radio94fm.net\/site\/wp-content\/uploads\/2019\/12\/FPD-CAMP.-NATAL-ESTUDANTES-DO-UNILAVRAS-12-12-19-Adelina.mp3\">https:\/\/www.radio94fm.net\/site\/wp-content\/uploads\/2019\/12\/FPD-CAMP.-NATAL-ESTUDANTES-DO-UNILAVRAS-12-12-19-Adelina.mp3<\/a><\/audio>\n<p>&nbsp;<\/p>\n<p>&nbsp;<\/p>\n<p>&nbsp;<\/p>\n<p>&nbsp;<\/p>\n<p><img loading=\"lazy\" decoding=\"async\" title=\"\" src=\"http:\/\/radio94fm.net\/site\/wp-content\/uploads\/2017\/05\/FIQUE-POR-DENTRO-HORARIO-6-1.gif\" alt=\"\" width=\"604\" height=\"144\"><\/p>\n","protected":false},"excerpt":{"rendered":"<p>&nbsp; &nbsp; &nbsp; Neste m\u00eas, os estudantes do Centro Universit\u00e1rio de Lavras &#8211; Unilavras, est\u00e3o promovendo uma&nbsp; campanha de Natal que ir\u00e1 ajudar as crian\u00e7as acolhidas pela Associa\u00e7\u00e3o Fam\u00edlia Adonai em Neponuceno. Clique e confira a mat\u00e9ria: &nbsp; &nbsp; &nbsp; &nbsp; &nbsp; &nbsp; &nbsp;<\/p>\n","protected":false},"author":1,"featured_media":31677,"comment_status":"open","ping_status":"closed","sticky":false,"template":"","format":"standard","meta":{"ngg_post_thumbnail":0,"footnotes":""},"categories":[54],"tags":[],"class_list":["post-31675","post","type-post","status-publish","format-standard","has-post-thumbnail","hentry","category-fique-por-dentro","have-post-thumb"],"_links":{"self":[{"href":"https:\/\/radio94fm.net\/site\/wp-json\/wp\/v2\/posts\/31675","targetHints":{"allow":["GET"]}}],"collection":[{"href":"https:\/\/radio94fm.net\/site\/wp-json\/wp\/v2\/posts"}],"about":[{"href":"https:\/\/radio94fm.net\/site\/wp-json\/wp\/v2\/types\/post"}],"author":[{"embeddable":true,"href":"https:\/\/radio94fm.net\/site\/wp-json\/wp\/v2\/users\/1"}],"replies":[{"embeddable":true,"href":"https:\/\/radio94fm.net\/site\/wp-json\/wp\/v2\/comments?post=31675"}],"version-history":[{"count":0,"href":"https:\/\/radio94fm.net\/site\/wp-json\/wp\/v2\/posts\/31675\/revisions"}],"wp:attachment":[{"href":"https:\/\/radio94fm.net\/site\/wp-json\/wp\/v2\/media?parent=31675"}],"wp:term":[{"taxonomy":"category","embeddable":true,"href":"https:\/\/radio94fm.net\/site\/wp-json\/wp\/v2\/categories?post=31675"},{"taxonomy":"post_tag","embeddable":true,"href":"https:\/\/radio94fm.net\/site\/wp-json\/wp\/v2\/tags?post=31675"}],"curies":[{"name":"wp","href":"https:\/\/api.w.org\/{rel}","templated":true}]}}