{"id":31671,"date":"2019-12-16T13:22:30","date_gmt":"2019-12-16T16:22:30","guid":{"rendered":"http:\/\/www.radio94fm.net\/site\/?p=31671"},"modified":"2019-12-16T13:22:30","modified_gmt":"2019-12-16T16:22:30","slug":"inscricoes-abertas-para-casamento-comunitario-em-2020","status":"publish","type":"post","link":"https:\/\/radio94fm.net\/site\/inscricoes-abertas-para-casamento-comunitario-em-2020\/","title":{"rendered":"Inscri\u00e7\u00f5es abertas para Casamento Comunit\u00e1rio em 2020"},"content":{"rendered":"<p><img decoding=\"async\" src=\"http:\/\/radio94fm.net\/site\/wp-content\/uploads\/2016\/12\/FIQUE-POR-DENTRO-BANNER-DENTRO-2.gif\"><\/p>\n<p>&nbsp;<\/p>\n<p>&nbsp;<\/p>\n<p>&nbsp;<\/p>\n<p><span style=\"font-weight: 400;\">A Par\u00f3quia S\u00e3o Judas Tadeu est\u00e1 com inscri\u00e7\u00f5es abertas para a terceira edi\u00e7\u00e3o do Casamento Comunit\u00e1rio, que acontecer\u00e1 no dia 21 de novembro de 2020. As inscri\u00e7\u00f5es devem ser feitas com os agentes da Pastoral Familiar, no escrit\u00f3rio paroquial da igreja. Clique abaixo para ouvir a mat\u00e9ria\u2026<\/span><\/p>\n<p>&nbsp;<\/p>\n<p>&nbsp;<\/p>\n<audio class=\"wp-audio-shortcode\" id=\"audio-31671-1\" preload=\"none\" style=\"width: 100%;\" controls=\"controls\"><source type=\"audio\/mpeg\" src=\"https:\/\/www.radio94fm.net\/site\/wp-content\/uploads\/2019\/12\/FPD-INSCRICOES-PARA-CASAMENTO-COMUNITARIO-10-12-19-Pedro.mp3?_=1\" \/><a href=\"https:\/\/www.radio94fm.net\/site\/wp-content\/uploads\/2019\/12\/FPD-INSCRICOES-PARA-CASAMENTO-COMUNITARIO-10-12-19-Pedro.mp3\">https:\/\/www.radio94fm.net\/site\/wp-content\/uploads\/2019\/12\/FPD-INSCRICOES-PARA-CASAMENTO-COMUNITARIO-10-12-19-Pedro.mp3<\/a><\/audio>\n<p>&nbsp;<\/p>\n<p>&nbsp;<\/p>\n<p>&nbsp;<\/p>\n<p>&nbsp;<\/p>\n<p><img loading=\"lazy\" decoding=\"async\" title=\"\" src=\"http:\/\/radio94fm.net\/site\/wp-content\/uploads\/2017\/05\/FIQUE-POR-DENTRO-HORARIO-6-1.gif\" alt=\"\" width=\"604\" height=\"144\"><\/p>\n","protected":false},"excerpt":{"rendered":"<p>&nbsp; &nbsp; &nbsp; A Par\u00f3quia S\u00e3o Judas Tadeu est\u00e1 com inscri\u00e7\u00f5es abertas para a terceira edi\u00e7\u00e3o do Casamento Comunit\u00e1rio, que acontecer\u00e1 no dia 21 de novembro de 2020. As inscri\u00e7\u00f5es devem ser feitas com os agentes da Pastoral Familiar, no escrit\u00f3rio paroquial da igreja. Clique abaixo para ouvir a mat\u00e9ria\u2026 &nbsp; &nbsp; &nbsp; &nbsp; &nbsp;&#8230;<\/p>\n","protected":false},"author":1,"featured_media":31673,"comment_status":"open","ping_status":"closed","sticky":false,"template":"","format":"standard","meta":{"ngg_post_thumbnail":0,"footnotes":""},"categories":[54],"tags":[],"class_list":["post-31671","post","type-post","status-publish","format-standard","has-post-thumbnail","hentry","category-fique-por-dentro","have-post-thumb"],"_links":{"self":[{"href":"https:\/\/radio94fm.net\/site\/wp-json\/wp\/v2\/posts\/31671","targetHints":{"allow":["GET"]}}],"collection":[{"href":"https:\/\/radio94fm.net\/site\/wp-json\/wp\/v2\/posts"}],"about":[{"href":"https:\/\/radio94fm.net\/site\/wp-json\/wp\/v2\/types\/post"}],"author":[{"embeddable":true,"href":"https:\/\/radio94fm.net\/site\/wp-json\/wp\/v2\/users\/1"}],"replies":[{"embeddable":true,"href":"https:\/\/radio94fm.net\/site\/wp-json\/wp\/v2\/comments?post=31671"}],"version-history":[{"count":0,"href":"https:\/\/radio94fm.net\/site\/wp-json\/wp\/v2\/posts\/31671\/revisions"}],"wp:attachment":[{"href":"https:\/\/radio94fm.net\/site\/wp-json\/wp\/v2\/media?parent=31671"}],"wp:term":[{"taxonomy":"category","embeddable":true,"href":"https:\/\/radio94fm.net\/site\/wp-json\/wp\/v2\/categories?post=31671"},{"taxonomy":"post_tag","embeddable":true,"href":"https:\/\/radio94fm.net\/site\/wp-json\/wp\/v2\/tags?post=31671"}],"curies":[{"name":"wp","href":"https:\/\/api.w.org\/{rel}","templated":true}]}}