{"id":31662,"date":"2019-12-11T14:39:32","date_gmt":"2019-12-11T17:39:32","guid":{"rendered":"http:\/\/www.radio94fm.net\/site\/?p=31662"},"modified":"2019-12-11T14:39:32","modified_gmt":"2019-12-11T17:39:32","slug":"casos-de-infeccao-pelo-virus-hiv-volta-a-crescer-no-municipio","status":"publish","type":"post","link":"https:\/\/radio94fm.net\/site\/casos-de-infeccao-pelo-virus-hiv-volta-a-crescer-no-municipio\/","title":{"rendered":"Casos de infec\u00e7\u00e3o pelo v\u00edrus HIV volta a crescer no munic\u00edpio"},"content":{"rendered":"<p><img decoding=\"async\" src=\"http:\/\/radio94fm.net\/site\/wp-content\/uploads\/2016\/12\/FIQUE-POR-DENTRO-BANNER-DENTRO-2.gif\"><\/p>\n<p>&nbsp;<\/p>\n<p>&nbsp;<\/p>\n<p>&nbsp;<\/p>\n<p><span style=\"font-weight: 400;\">No \u00faltimo dia 1\u00ba de dezembro foi promovido o Dia Mundial de Luta Contra a Aids. Em Lavras e microrregi\u00e3o, cerca de 350 pessoas est\u00e3o em tratamento contra o HIV e o desenvolvimento da doen\u00e7a. No ano passado esse n\u00famero era de 280 pessoas, e em 2017, 240. Clique abaixo para ouvir a mat\u00e9ria\u2026<\/span><\/p>\n<p>&nbsp;<\/p>\n<p>&nbsp;<\/p>\n<p>&nbsp;<\/p>\n<p>&nbsp;<\/p>\n<audio class=\"wp-audio-shortcode\" id=\"audio-31662-1\" preload=\"none\" style=\"width: 100%;\" controls=\"controls\"><source type=\"audio\/mpeg\" src=\"https:\/\/www.radio94fm.net\/site\/wp-content\/uploads\/2019\/12\/FPD-AUMENTAM-OS-CASOS-DE-HIV-EM-LAVRAS-06-12-19-Pedro.mp3?_=1\" \/><a href=\"https:\/\/www.radio94fm.net\/site\/wp-content\/uploads\/2019\/12\/FPD-AUMENTAM-OS-CASOS-DE-HIV-EM-LAVRAS-06-12-19-Pedro.mp3\">https:\/\/www.radio94fm.net\/site\/wp-content\/uploads\/2019\/12\/FPD-AUMENTAM-OS-CASOS-DE-HIV-EM-LAVRAS-06-12-19-Pedro.mp3<\/a><\/audio>\n<p>&nbsp;<\/p>\n<p>&nbsp;<\/p>\n<p>&nbsp;<\/p>\n<p><img loading=\"lazy\" decoding=\"async\" title=\"\" src=\"http:\/\/radio94fm.net\/site\/wp-content\/uploads\/2017\/05\/FIQUE-POR-DENTRO-HORARIO-6-1.gif\" alt=\"\" width=\"604\" height=\"144\"><\/p>\n","protected":false},"excerpt":{"rendered":"<p>&nbsp; &nbsp; &nbsp; No \u00faltimo dia 1\u00ba de dezembro foi promovido o Dia Mundial de Luta Contra a Aids. Em Lavras e microrregi\u00e3o, cerca de 350 pessoas est\u00e3o em tratamento contra o HIV e o desenvolvimento da doen\u00e7a. No ano passado esse n\u00famero era de 280 pessoas, e em 2017, 240. Clique abaixo para ouvir&#8230;<\/p>\n","protected":false},"author":1,"featured_media":31664,"comment_status":"open","ping_status":"closed","sticky":false,"template":"","format":"standard","meta":{"ngg_post_thumbnail":0,"footnotes":""},"categories":[54],"tags":[],"class_list":["post-31662","post","type-post","status-publish","format-standard","has-post-thumbnail","hentry","category-fique-por-dentro","have-post-thumb"],"_links":{"self":[{"href":"https:\/\/radio94fm.net\/site\/wp-json\/wp\/v2\/posts\/31662","targetHints":{"allow":["GET"]}}],"collection":[{"href":"https:\/\/radio94fm.net\/site\/wp-json\/wp\/v2\/posts"}],"about":[{"href":"https:\/\/radio94fm.net\/site\/wp-json\/wp\/v2\/types\/post"}],"author":[{"embeddable":true,"href":"https:\/\/radio94fm.net\/site\/wp-json\/wp\/v2\/users\/1"}],"replies":[{"embeddable":true,"href":"https:\/\/radio94fm.net\/site\/wp-json\/wp\/v2\/comments?post=31662"}],"version-history":[{"count":0,"href":"https:\/\/radio94fm.net\/site\/wp-json\/wp\/v2\/posts\/31662\/revisions"}],"wp:attachment":[{"href":"https:\/\/radio94fm.net\/site\/wp-json\/wp\/v2\/media?parent=31662"}],"wp:term":[{"taxonomy":"category","embeddable":true,"href":"https:\/\/radio94fm.net\/site\/wp-json\/wp\/v2\/categories?post=31662"},{"taxonomy":"post_tag","embeddable":true,"href":"https:\/\/radio94fm.net\/site\/wp-json\/wp\/v2\/tags?post=31662"}],"curies":[{"name":"wp","href":"https:\/\/api.w.org\/{rel}","templated":true}]}}