{"id":31636,"date":"2019-12-11T14:14:31","date_gmt":"2019-12-11T17:14:31","guid":{"rendered":"http:\/\/www.radio94fm.net\/site\/?p=31636"},"modified":"2019-12-11T14:14:31","modified_gmt":"2019-12-11T17:14:31","slug":"canil-foi-reinaugurado-no-oitavo-batalhao-da-policia-militar-em-lavras","status":"publish","type":"post","link":"https:\/\/radio94fm.net\/site\/canil-foi-reinaugurado-no-oitavo-batalhao-da-policia-militar-em-lavras\/","title":{"rendered":"Canil foi reinaugurado no Oitavo Batalh\u00e3o da Pol\u00edcia Militar em Lavras"},"content":{"rendered":"<p><img decoding=\"async\" src=\"http:\/\/radio94fm.net\/site\/wp-content\/uploads\/2016\/12\/FIQUE-POR-DENTRO-BANNER-DENTRO-2.gif\"><\/p>\n<p>&nbsp;<\/p>\n<p>&nbsp;<\/p>\n<p>&nbsp;<\/p>\n<p><span style=\"font-weight: 400;\">Foi reinaugurado na manh\u00e3 da \u00faltima segunda-feira, no Oitavo Batalh\u00e3o da Pol\u00edcia Militar com sede em Lavras, o canil que vai abrigar os c\u00e3es que ser\u00e3o utilizados pelas for\u00e7as policiais em a\u00e7\u00f5es de combate \u00e0 criminalidade, em especial, ao tr\u00e1fico de drogas no munic\u00edpio. Clique e confira a mat\u00e9ria:<\/span><\/p>\n<p>&nbsp;<\/p>\n<p>&nbsp;<\/p>\n<audio class=\"wp-audio-shortcode\" id=\"audio-31636-1\" preload=\"none\" style=\"width: 100%;\" controls=\"controls\"><source type=\"audio\/mpeg\" src=\"https:\/\/www.radio94fm.net\/site\/wp-content\/uploads\/2019\/12\/FPD-REINAUGURADO-CANIL-DO-BATALHAO-10-12-19-Adelina.mp3?_=1\" \/><a href=\"https:\/\/www.radio94fm.net\/site\/wp-content\/uploads\/2019\/12\/FPD-REINAUGURADO-CANIL-DO-BATALHAO-10-12-19-Adelina.mp3\">https:\/\/www.radio94fm.net\/site\/wp-content\/uploads\/2019\/12\/FPD-REINAUGURADO-CANIL-DO-BATALHAO-10-12-19-Adelina.mp3<\/a><\/audio>\n<p>&nbsp;<\/p>\n<p>&nbsp;<\/p>\n<p>&nbsp;<\/p>\n<p>&nbsp;<\/p>\n<p>&nbsp;<\/p>\n<p><img decoding=\"async\" src=\"http:\/\/radio94fm.net\/site\/wp-content\/uploads\/2017\/05\/FIQUE-POR-DENTRO-HORARIO-6-1.gif\"><\/p>\n","protected":false},"excerpt":{"rendered":"<p>&nbsp; &nbsp; &nbsp; Foi reinaugurado na manh\u00e3 da \u00faltima segunda-feira, no Oitavo Batalh\u00e3o da Pol\u00edcia Militar com sede em Lavras, o canil que vai abrigar os c\u00e3es que ser\u00e3o utilizados pelas for\u00e7as policiais em a\u00e7\u00f5es de combate \u00e0 criminalidade, em especial, ao tr\u00e1fico de drogas no munic\u00edpio. Clique e confira a mat\u00e9ria: &nbsp; &nbsp; &nbsp;&#8230;<\/p>\n","protected":false},"author":1,"featured_media":31639,"comment_status":"open","ping_status":"closed","sticky":false,"template":"","format":"standard","meta":{"ngg_post_thumbnail":0,"footnotes":""},"categories":[54],"tags":[],"class_list":["post-31636","post","type-post","status-publish","format-standard","has-post-thumbnail","hentry","category-fique-por-dentro","have-post-thumb"],"_links":{"self":[{"href":"https:\/\/radio94fm.net\/site\/wp-json\/wp\/v2\/posts\/31636","targetHints":{"allow":["GET"]}}],"collection":[{"href":"https:\/\/radio94fm.net\/site\/wp-json\/wp\/v2\/posts"}],"about":[{"href":"https:\/\/radio94fm.net\/site\/wp-json\/wp\/v2\/types\/post"}],"author":[{"embeddable":true,"href":"https:\/\/radio94fm.net\/site\/wp-json\/wp\/v2\/users\/1"}],"replies":[{"embeddable":true,"href":"https:\/\/radio94fm.net\/site\/wp-json\/wp\/v2\/comments?post=31636"}],"version-history":[{"count":0,"href":"https:\/\/radio94fm.net\/site\/wp-json\/wp\/v2\/posts\/31636\/revisions"}],"wp:attachment":[{"href":"https:\/\/radio94fm.net\/site\/wp-json\/wp\/v2\/media?parent=31636"}],"wp:term":[{"taxonomy":"category","embeddable":true,"href":"https:\/\/radio94fm.net\/site\/wp-json\/wp\/v2\/categories?post=31636"},{"taxonomy":"post_tag","embeddable":true,"href":"https:\/\/radio94fm.net\/site\/wp-json\/wp\/v2\/tags?post=31636"}],"curies":[{"name":"wp","href":"https:\/\/api.w.org\/{rel}","templated":true}]}}