{"id":31574,"date":"2019-11-27T15:16:04","date_gmt":"2019-11-27T18:16:04","guid":{"rendered":"http:\/\/www.radio94fm.net\/site\/?p=31574"},"modified":"2019-11-27T15:16:04","modified_gmt":"2019-11-27T18:16:04","slug":"31574-2","status":"publish","type":"post","link":"https:\/\/radio94fm.net\/site\/31574-2\/","title":{"rendered":"Senac promove oficina de maquiagem para mulheres com defici\u00eancia auditiva e visual em Lavras"},"content":{"rendered":"<p><img decoding=\"async\" src=\"http:\/\/radio94fm.net\/site\/wp-content\/uploads\/2016\/12\/FIQUE-POR-DENTRO-BANNER-DENTRO-2.gif\"><\/p>\n<p>&nbsp;<\/p>\n<p>&nbsp;<\/p>\n<p>&nbsp;<\/p>\n<p><span style=\"font-weight: 400;\">O Senac de Lavras promove nesta quarta-feira, o Dia da Beleza Inclusiva, com oficinas de maquiagem para mulheres com defici\u00eancia auditiva e visual.&nbsp;<\/span><span style=\"font-weight: 400;\">A a\u00e7\u00e3o acontece a partir das 13h30 com um grupo de mulheres do Centro de Apoio \u00e0s Necessidades Auditivas e Visuais (Cenav). Clique e confira a mat\u00e9ria:<\/span><\/p>\n<p>&nbsp;<\/p>\n<p>&nbsp;<\/p>\n<p>&nbsp;<\/p>\n<audio class=\"wp-audio-shortcode\" id=\"audio-31574-1\" preload=\"none\" style=\"width: 100%;\" controls=\"controls\"><source type=\"audio\/mpeg\" src=\"https:\/\/www.radio94fm.net\/site\/wp-content\/uploads\/2019\/11\/FPD-SENAC-MAQUIAGEM-DE-DEFICIENTES-VISUAIS-27-11-19-Adelina.mp3?_=1\" \/><a href=\"https:\/\/www.radio94fm.net\/site\/wp-content\/uploads\/2019\/11\/FPD-SENAC-MAQUIAGEM-DE-DEFICIENTES-VISUAIS-27-11-19-Adelina.mp3\">https:\/\/www.radio94fm.net\/site\/wp-content\/uploads\/2019\/11\/FPD-SENAC-MAQUIAGEM-DE-DEFICIENTES-VISUAIS-27-11-19-Adelina.mp3<\/a><\/audio>\n<p>&nbsp;<\/p>\n<p>&nbsp;<\/p>\n<p><span style=\"font-size: 8pt;\">Foto: (Divulga\u00e7\u00e3o\/Senac Minas)<\/span><\/p>\n<p><img loading=\"lazy\" decoding=\"async\" title=\"\" src=\"http:\/\/radio94fm.net\/site\/wp-content\/uploads\/2017\/05\/FIQUE-POR-DENTRO-HORARIO-6-1.gif\" alt=\"\" width=\"604\" height=\"144\"><\/p>\n","protected":false},"excerpt":{"rendered":"<p>&nbsp; &nbsp; &nbsp; O Senac de Lavras promove nesta quarta-feira, o Dia da Beleza Inclusiva, com oficinas de maquiagem para mulheres com defici\u00eancia auditiva e visual.&nbsp;A a\u00e7\u00e3o acontece a partir das 13h30 com um grupo de mulheres do Centro de Apoio \u00e0s Necessidades Auditivas e Visuais (Cenav). Clique e confira a mat\u00e9ria: &nbsp; &nbsp; &nbsp;&#8230;<\/p>\n","protected":false},"author":1,"featured_media":31576,"comment_status":"open","ping_status":"closed","sticky":false,"template":"","format":"standard","meta":{"ngg_post_thumbnail":0,"footnotes":""},"categories":[54],"tags":[],"class_list":["post-31574","post","type-post","status-publish","format-standard","has-post-thumbnail","hentry","category-fique-por-dentro","have-post-thumb"],"_links":{"self":[{"href":"https:\/\/radio94fm.net\/site\/wp-json\/wp\/v2\/posts\/31574","targetHints":{"allow":["GET"]}}],"collection":[{"href":"https:\/\/radio94fm.net\/site\/wp-json\/wp\/v2\/posts"}],"about":[{"href":"https:\/\/radio94fm.net\/site\/wp-json\/wp\/v2\/types\/post"}],"author":[{"embeddable":true,"href":"https:\/\/radio94fm.net\/site\/wp-json\/wp\/v2\/users\/1"}],"replies":[{"embeddable":true,"href":"https:\/\/radio94fm.net\/site\/wp-json\/wp\/v2\/comments?post=31574"}],"version-history":[{"count":0,"href":"https:\/\/radio94fm.net\/site\/wp-json\/wp\/v2\/posts\/31574\/revisions"}],"wp:attachment":[{"href":"https:\/\/radio94fm.net\/site\/wp-json\/wp\/v2\/media?parent=31574"}],"wp:term":[{"taxonomy":"category","embeddable":true,"href":"https:\/\/radio94fm.net\/site\/wp-json\/wp\/v2\/categories?post=31574"},{"taxonomy":"post_tag","embeddable":true,"href":"https:\/\/radio94fm.net\/site\/wp-json\/wp\/v2\/tags?post=31574"}],"curies":[{"name":"wp","href":"https:\/\/api.w.org\/{rel}","templated":true}]}}