{"id":31565,"date":"2019-11-21T15:47:30","date_gmt":"2019-11-21T18:47:30","guid":{"rendered":"http:\/\/www.radio94fm.net\/site\/?p=31565"},"modified":"2019-11-21T15:47:30","modified_gmt":"2019-11-21T18:47:30","slug":"criancas-e-adolescentes-de-projeto-social-de-lavras-conquistam-titulos-em-competicao-nacional-de-karate","status":"publish","type":"post","link":"https:\/\/radio94fm.net\/site\/criancas-e-adolescentes-de-projeto-social-de-lavras-conquistam-titulos-em-competicao-nacional-de-karate\/","title":{"rendered":"Crian\u00e7as e adolescentes de projeto social de Lavras conquistam t\u00edtulos em competi\u00e7\u00e3o nacional de Karat\u00ea"},"content":{"rendered":"<p><img decoding=\"async\" src=\"http:\/\/radio94fm.net\/site\/wp-content\/uploads\/2016\/12\/FIQUE-POR-DENTRO-BANNER-DENTRO-2.gif\"><\/p>\n<p>&nbsp;<\/p>\n<p>&nbsp;<\/p>\n<p>&nbsp;<\/p>\n<p><span style=\"font-weight: 400;\">Alunos do Centro de Treinamento de Artes Marciais Atleta do Futuro &#8211; CTAMAF que atende crian\u00e7as e adolescentes em estado de vulnerabilidade social em Lavras, conquistaram 15 medalhas numa competi\u00e7\u00e3o de n\u00edvel nacional.&nbsp; Clique e confira a mat\u00e9ria:<\/span><\/p>\n<p>&nbsp;<\/p>\n<p>&nbsp;<\/p>\n<audio class=\"wp-audio-shortcode\" id=\"audio-31565-1\" preload=\"none\" style=\"width: 100%;\" controls=\"controls\"><source type=\"audio\/mpeg\" src=\"https:\/\/www.radio94fm.net\/site\/wp-content\/uploads\/2019\/11\/FPD-ATLETAS-DO-CTAMAF-CONQUISTAM-TITULOS-20-11-19-Adelina.mp3?_=1\" \/><a href=\"https:\/\/www.radio94fm.net\/site\/wp-content\/uploads\/2019\/11\/FPD-ATLETAS-DO-CTAMAF-CONQUISTAM-TITULOS-20-11-19-Adelina.mp3\">https:\/\/www.radio94fm.net\/site\/wp-content\/uploads\/2019\/11\/FPD-ATLETAS-DO-CTAMAF-CONQUISTAM-TITULOS-20-11-19-Adelina.mp3<\/a><\/audio>\n<p>&nbsp;<\/p>\n<p>&nbsp;<\/p>\n<p>&nbsp;<\/p>\n<p><img loading=\"lazy\" decoding=\"async\" title=\"\" src=\"https:\/\/scontent-gru2-1.xx.fbcdn.net\/v\/t1.0-9\/s960x960\/75233775_2818339171511803_1367338353766170624_o.jpg?_nc_cat=108&amp;_nc_ohc=uhsUFI7hV1wAQlFmdN1wLS0jctcAXI0ku-lGn3UIJXyQIai7YVe0kxuLw&amp;_nc_ht=scontent-gru2-1.xx&amp;oh=9c3af163b402b64b8dd7cb163213f195&amp;oe=5E55F916\" alt=\"\" width=\"579\" height=\"960\"><\/p>\n<p>&nbsp;<\/p>\n<p>&nbsp;<\/p>\n<p><img loading=\"lazy\" decoding=\"async\" title=\"\" src=\"http:\/\/radio94fm.net\/site\/wp-content\/uploads\/2017\/05\/FIQUE-POR-DENTRO-HORARIO-6-1.gif\" alt=\"\" width=\"604\" height=\"144\"><\/p>\n","protected":false},"excerpt":{"rendered":"<p>&nbsp; &nbsp; &nbsp; Alunos do Centro de Treinamento de Artes Marciais Atleta do Futuro &#8211; CTAMAF que atende crian\u00e7as e adolescentes em estado de vulnerabilidade social em Lavras, conquistaram 15 medalhas numa competi\u00e7\u00e3o de n\u00edvel nacional.&nbsp; Clique e confira a mat\u00e9ria: &nbsp; &nbsp; &nbsp; &nbsp; &nbsp; &nbsp; &nbsp;<\/p>\n","protected":false},"author":1,"featured_media":31567,"comment_status":"open","ping_status":"closed","sticky":false,"template":"","format":"standard","meta":{"ngg_post_thumbnail":0,"footnotes":""},"categories":[54],"tags":[],"class_list":["post-31565","post","type-post","status-publish","format-standard","has-post-thumbnail","hentry","category-fique-por-dentro","have-post-thumb"],"_links":{"self":[{"href":"https:\/\/radio94fm.net\/site\/wp-json\/wp\/v2\/posts\/31565","targetHints":{"allow":["GET"]}}],"collection":[{"href":"https:\/\/radio94fm.net\/site\/wp-json\/wp\/v2\/posts"}],"about":[{"href":"https:\/\/radio94fm.net\/site\/wp-json\/wp\/v2\/types\/post"}],"author":[{"embeddable":true,"href":"https:\/\/radio94fm.net\/site\/wp-json\/wp\/v2\/users\/1"}],"replies":[{"embeddable":true,"href":"https:\/\/radio94fm.net\/site\/wp-json\/wp\/v2\/comments?post=31565"}],"version-history":[{"count":0,"href":"https:\/\/radio94fm.net\/site\/wp-json\/wp\/v2\/posts\/31565\/revisions"}],"wp:attachment":[{"href":"https:\/\/radio94fm.net\/site\/wp-json\/wp\/v2\/media?parent=31565"}],"wp:term":[{"taxonomy":"category","embeddable":true,"href":"https:\/\/radio94fm.net\/site\/wp-json\/wp\/v2\/categories?post=31565"},{"taxonomy":"post_tag","embeddable":true,"href":"https:\/\/radio94fm.net\/site\/wp-json\/wp\/v2\/tags?post=31565"}],"curies":[{"name":"wp","href":"https:\/\/api.w.org\/{rel}","templated":true}]}}