{"id":31552,"date":"2019-11-21T15:28:14","date_gmt":"2019-11-21T18:28:14","guid":{"rendered":"http:\/\/www.radio94fm.net\/site\/?p=31552"},"modified":"2019-11-21T15:28:14","modified_gmt":"2019-11-21T18:28:14","slug":"atleta-lavrense-vai-participar-de-campeonato-na-holanda","status":"publish","type":"post","link":"https:\/\/radio94fm.net\/site\/atleta-lavrense-vai-participar-de-campeonato-na-holanda\/","title":{"rendered":"Atleta lavrense vai participar de campeonato na Holanda"},"content":{"rendered":"<p><img decoding=\"async\" src=\"http:\/\/radio94fm.net\/site\/wp-content\/uploads\/2016\/12\/FIQUE-POR-DENTRO-BANNER-DENTRO-2.gif\"><\/p>\n<p>&nbsp;<\/p>\n<p>&nbsp;<\/p>\n<p>&nbsp;<\/p>\n<p><span style=\"font-weight: 400;\">O lutador lavrense de Muay Thai, Emerson Maradona, est\u00e1 de malas prontas para a Holanda, onde deve permanecer por duas semanas participando de um campeonato entre academias. Essa \u00e9 a segunda viagem internacional do atleta neste ano, que entre julho e agosto esteve na Tail\u00e2ndia, pa\u00eds onde o Muay Thai se originou. Clique abaixo para ouvir a mat\u00e9ria\u2026<\/span><\/p>\n<p>&nbsp;<\/p>\n<p>&nbsp;<\/p>\n<audio class=\"wp-audio-shortcode\" id=\"audio-31552-1\" preload=\"none\" style=\"width: 100%;\" controls=\"controls\"><source type=\"audio\/mpeg\" src=\"https:\/\/www.radio94fm.net\/site\/wp-content\/uploads\/2019\/11\/FPD-EMERSON-MARADONA-CAMPEONATO-NA-HOLANDA-20-11-19-Pedro.mp3?_=1\" \/><a href=\"https:\/\/www.radio94fm.net\/site\/wp-content\/uploads\/2019\/11\/FPD-EMERSON-MARADONA-CAMPEONATO-NA-HOLANDA-20-11-19-Pedro.mp3\">https:\/\/www.radio94fm.net\/site\/wp-content\/uploads\/2019\/11\/FPD-EMERSON-MARADONA-CAMPEONATO-NA-HOLANDA-20-11-19-Pedro.mp3<\/a><\/audio>\n<p>&nbsp;<\/p>\n<p>&nbsp;<\/p>\n<p>&nbsp;<\/p>\n<p><img loading=\"lazy\" decoding=\"async\" title=\"\" src=\"http:\/\/radio94fm.net\/site\/wp-content\/uploads\/2017\/05\/FIQUE-POR-DENTRO-HORARIO-6-1.gif\" alt=\"\" width=\"604\" height=\"144\"><\/p>\n","protected":false},"excerpt":{"rendered":"<p>&nbsp; &nbsp; &nbsp; O lutador lavrense de Muay Thai, Emerson Maradona, est\u00e1 de malas prontas para a Holanda, onde deve permanecer por duas semanas participando de um campeonato entre academias. Essa \u00e9 a segunda viagem internacional do atleta neste ano, que entre julho e agosto esteve na Tail\u00e2ndia, pa\u00eds onde o Muay Thai se originou&#8230;.<\/p>\n","protected":false},"author":1,"featured_media":31554,"comment_status":"open","ping_status":"closed","sticky":false,"template":"","format":"standard","meta":{"ngg_post_thumbnail":0,"footnotes":""},"categories":[54],"tags":[],"class_list":["post-31552","post","type-post","status-publish","format-standard","has-post-thumbnail","hentry","category-fique-por-dentro","have-post-thumb"],"_links":{"self":[{"href":"https:\/\/radio94fm.net\/site\/wp-json\/wp\/v2\/posts\/31552","targetHints":{"allow":["GET"]}}],"collection":[{"href":"https:\/\/radio94fm.net\/site\/wp-json\/wp\/v2\/posts"}],"about":[{"href":"https:\/\/radio94fm.net\/site\/wp-json\/wp\/v2\/types\/post"}],"author":[{"embeddable":true,"href":"https:\/\/radio94fm.net\/site\/wp-json\/wp\/v2\/users\/1"}],"replies":[{"embeddable":true,"href":"https:\/\/radio94fm.net\/site\/wp-json\/wp\/v2\/comments?post=31552"}],"version-history":[{"count":0,"href":"https:\/\/radio94fm.net\/site\/wp-json\/wp\/v2\/posts\/31552\/revisions"}],"wp:featuredmedia":[{"embeddable":true,"href":"https:\/\/radio94fm.net\/site\/wp-json\/"}],"wp:attachment":[{"href":"https:\/\/radio94fm.net\/site\/wp-json\/wp\/v2\/media?parent=31552"}],"wp:term":[{"taxonomy":"category","embeddable":true,"href":"https:\/\/radio94fm.net\/site\/wp-json\/wp\/v2\/categories?post=31552"},{"taxonomy":"post_tag","embeddable":true,"href":"https:\/\/radio94fm.net\/site\/wp-json\/wp\/v2\/tags?post=31552"}],"curies":[{"name":"wp","href":"https:\/\/api.w.org\/{rel}","templated":true}]}}