{"id":31538,"date":"2019-11-18T15:54:55","date_gmt":"2019-11-18T18:54:55","guid":{"rendered":"http:\/\/www.radio94fm.net\/site\/?p=31538"},"modified":"2019-11-18T15:54:55","modified_gmt":"2019-11-18T18:54:55","slug":"natal-solidario-da-tia-lu-vai-servir-ceia-para-moradores-de-rua","status":"publish","type":"post","link":"https:\/\/radio94fm.net\/site\/natal-solidario-da-tia-lu-vai-servir-ceia-para-moradores-de-rua\/","title":{"rendered":"&#8216;Natal Solid\u00e1rio da Tia L\u00fa&#8217; vai servir ceia para moradores de rua"},"content":{"rendered":"<p><img decoding=\"async\" src=\"http:\/\/radio94fm.net\/site\/wp-content\/uploads\/2016\/12\/FIQUE-POR-DENTRO-BANNER-DENTRO-2.gif\"><\/p>\n<p>&nbsp;<\/p>\n<p>&nbsp;<\/p>\n<p><span style=\"font-weight: 400;\">No dia 23 de dezembro, a Tia L\u00fa estar\u00e1 realizando em Lavras o \u201cNatal Solid\u00e1rio &#8211; Ceia dos Irm\u00e3os de Rua\u201d, quando uma grande ceia de natal ser\u00e1 servida para moradores de rua e pessoas em situa\u00e7\u00e3o de vulnerabilidade social. Clique abaixo para ouvir a mat\u00e9ria\u2026<\/span><\/p>\n<p>&nbsp;<\/p>\n<p>&nbsp;<\/p>\n<audio class=\"wp-audio-shortcode\" id=\"audio-31538-1\" preload=\"none\" style=\"width: 100%;\" controls=\"controls\"><source type=\"audio\/mpeg\" src=\"https:\/\/www.radio94fm.net\/site\/wp-content\/uploads\/2019\/11\/FPD-NATAL-SOLIDARIO-TIA-LU-18-11-19-Pedro.mp3?_=1\" \/><a href=\"https:\/\/www.radio94fm.net\/site\/wp-content\/uploads\/2019\/11\/FPD-NATAL-SOLIDARIO-TIA-LU-18-11-19-Pedro.mp3\">https:\/\/www.radio94fm.net\/site\/wp-content\/uploads\/2019\/11\/FPD-NATAL-SOLIDARIO-TIA-LU-18-11-19-Pedro.mp3<\/a><\/audio>\n<p>&nbsp;<\/p>\n<p>&nbsp;<\/p>\n<p>&nbsp;<\/p>\n<p><img loading=\"lazy\" decoding=\"async\" title=\"\" src=\"http:\/\/radio94fm.net\/site\/wp-content\/uploads\/2017\/05\/FIQUE-POR-DENTRO-HORARIO-6-1.gif\" alt=\"\" width=\"604\" height=\"144\"><\/p>\n","protected":false},"excerpt":{"rendered":"<p>&nbsp; &nbsp; No dia 23 de dezembro, a Tia L\u00fa estar\u00e1 realizando em Lavras o \u201cNatal Solid\u00e1rio &#8211; Ceia dos Irm\u00e3os de Rua\u201d, quando uma grande ceia de natal ser\u00e1 servida para moradores de rua e pessoas em situa\u00e7\u00e3o de vulnerabilidade social. Clique abaixo para ouvir a mat\u00e9ria\u2026 &nbsp; &nbsp; &nbsp; &nbsp; &nbsp;<\/p>\n","protected":false},"author":1,"featured_media":31540,"comment_status":"open","ping_status":"closed","sticky":false,"template":"","format":"standard","meta":{"ngg_post_thumbnail":0,"footnotes":""},"categories":[54],"tags":[],"class_list":["post-31538","post","type-post","status-publish","format-standard","has-post-thumbnail","hentry","category-fique-por-dentro","have-post-thumb"],"_links":{"self":[{"href":"https:\/\/radio94fm.net\/site\/wp-json\/wp\/v2\/posts\/31538","targetHints":{"allow":["GET"]}}],"collection":[{"href":"https:\/\/radio94fm.net\/site\/wp-json\/wp\/v2\/posts"}],"about":[{"href":"https:\/\/radio94fm.net\/site\/wp-json\/wp\/v2\/types\/post"}],"author":[{"embeddable":true,"href":"https:\/\/radio94fm.net\/site\/wp-json\/wp\/v2\/users\/1"}],"replies":[{"embeddable":true,"href":"https:\/\/radio94fm.net\/site\/wp-json\/wp\/v2\/comments?post=31538"}],"version-history":[{"count":0,"href":"https:\/\/radio94fm.net\/site\/wp-json\/wp\/v2\/posts\/31538\/revisions"}],"wp:attachment":[{"href":"https:\/\/radio94fm.net\/site\/wp-json\/wp\/v2\/media?parent=31538"}],"wp:term":[{"taxonomy":"category","embeddable":true,"href":"https:\/\/radio94fm.net\/site\/wp-json\/wp\/v2\/categories?post=31538"},{"taxonomy":"post_tag","embeddable":true,"href":"https:\/\/radio94fm.net\/site\/wp-json\/wp\/v2\/tags?post=31538"}],"curies":[{"name":"wp","href":"https:\/\/api.w.org\/{rel}","templated":true}]}}