{"id":31519,"date":"2019-11-14T14:50:37","date_gmt":"2019-11-14T17:50:37","guid":{"rendered":"http:\/\/www.radio94fm.net\/site\/?p=31519"},"modified":"2019-11-14T14:50:37","modified_gmt":"2019-11-14T17:50:37","slug":"irmandades-do-santissimo-sacramento-terao-encontro-nesta-sexta-feira-em-lavras","status":"publish","type":"post","link":"https:\/\/radio94fm.net\/site\/irmandades-do-santissimo-sacramento-terao-encontro-nesta-sexta-feira-em-lavras\/","title":{"rendered":"Irmandades do Sant\u00edssimo Sacramento ter\u00e3o encontro nesta sexta-feira em Lavras"},"content":{"rendered":"<p><img decoding=\"async\" src=\"http:\/\/radio94fm.net\/site\/wp-content\/uploads\/2016\/12\/FIQUE-POR-DENTRO-BANNER-DENTRO-2.gif\"><\/p>\n<p>&nbsp;<\/p>\n<p>&nbsp;<\/p>\n<p>&nbsp;<\/p>\n<p><span style=\"font-weight: 400;\">Nesta sexta-feira, dia 15, ser\u00e1 realizado em Lavras o \u201c14\u00ba Encontro Diocesano das Irmandades do Sant\u00edssimo Sacramento\u201d, com a participa\u00e7\u00e3o de irmandades das 25 cidades ligadas \u00e0 Diocese de S\u00e3o Jo\u00e3o del Rey. Clique abaixo para ouvir a mat\u00e9ria\u2026<\/span><\/p>\n<p>&nbsp;<\/p>\n<p>&nbsp;<\/p>\n<p>&nbsp;<\/p>\n<audio class=\"wp-audio-shortcode\" id=\"audio-31519-1\" preload=\"none\" style=\"width: 100%;\" controls=\"controls\"><source type=\"audio\/mpeg\" src=\"https:\/\/www.radio94fm.net\/site\/wp-content\/uploads\/2019\/11\/FPD-ENCONTRO-DAS-IRMANDADES-DO-SS-12-11-19-Pedro.mp3?_=1\" \/><a href=\"https:\/\/www.radio94fm.net\/site\/wp-content\/uploads\/2019\/11\/FPD-ENCONTRO-DAS-IRMANDADES-DO-SS-12-11-19-Pedro.mp3\">https:\/\/www.radio94fm.net\/site\/wp-content\/uploads\/2019\/11\/FPD-ENCONTRO-DAS-IRMANDADES-DO-SS-12-11-19-Pedro.mp3<\/a><\/audio>\n<p>&nbsp;<\/p>\n<p>&nbsp;<\/p>\n<p>&nbsp;<\/p>\n<p>&nbsp;<\/p>\n<p><img loading=\"lazy\" decoding=\"async\" title=\"\" src=\"http:\/\/radio94fm.net\/site\/wp-content\/uploads\/2017\/05\/FIQUE-POR-DENTRO-HORARIO-6-1.gif\" alt=\"\" width=\"604\" height=\"144\"><\/p>\n","protected":false},"excerpt":{"rendered":"<p>&nbsp; &nbsp; &nbsp; Nesta sexta-feira, dia 15, ser\u00e1 realizado em Lavras o \u201c14\u00ba Encontro Diocesano das Irmandades do Sant\u00edssimo Sacramento\u201d, com a participa\u00e7\u00e3o de irmandades das 25 cidades ligadas \u00e0 Diocese de S\u00e3o Jo\u00e3o del Rey. Clique abaixo para ouvir a mat\u00e9ria\u2026 &nbsp; &nbsp; &nbsp; &nbsp; &nbsp; &nbsp; &nbsp;<\/p>\n","protected":false},"author":1,"featured_media":31521,"comment_status":"open","ping_status":"closed","sticky":false,"template":"","format":"standard","meta":{"ngg_post_thumbnail":0,"footnotes":""},"categories":[54],"tags":[],"class_list":["post-31519","post","type-post","status-publish","format-standard","has-post-thumbnail","hentry","category-fique-por-dentro","have-post-thumb"],"_links":{"self":[{"href":"https:\/\/radio94fm.net\/site\/wp-json\/wp\/v2\/posts\/31519","targetHints":{"allow":["GET"]}}],"collection":[{"href":"https:\/\/radio94fm.net\/site\/wp-json\/wp\/v2\/posts"}],"about":[{"href":"https:\/\/radio94fm.net\/site\/wp-json\/wp\/v2\/types\/post"}],"author":[{"embeddable":true,"href":"https:\/\/radio94fm.net\/site\/wp-json\/wp\/v2\/users\/1"}],"replies":[{"embeddable":true,"href":"https:\/\/radio94fm.net\/site\/wp-json\/wp\/v2\/comments?post=31519"}],"version-history":[{"count":0,"href":"https:\/\/radio94fm.net\/site\/wp-json\/wp\/v2\/posts\/31519\/revisions"}],"wp:attachment":[{"href":"https:\/\/radio94fm.net\/site\/wp-json\/wp\/v2\/media?parent=31519"}],"wp:term":[{"taxonomy":"category","embeddable":true,"href":"https:\/\/radio94fm.net\/site\/wp-json\/wp\/v2\/categories?post=31519"},{"taxonomy":"post_tag","embeddable":true,"href":"https:\/\/radio94fm.net\/site\/wp-json\/wp\/v2\/tags?post=31519"}],"curies":[{"name":"wp","href":"https:\/\/api.w.org\/{rel}","templated":true}]}}