{"id":31507,"date":"2019-11-14T14:43:22","date_gmt":"2019-11-14T17:43:22","guid":{"rendered":"http:\/\/www.radio94fm.net\/site\/?p=31507"},"modified":"2019-11-14T14:43:22","modified_gmt":"2019-11-14T17:43:22","slug":"lavras-tera-nesta-semana-segundo-encontro-de-maes-que-oram-pelos-filhos","status":"publish","type":"post","link":"https:\/\/radio94fm.net\/site\/lavras-tera-nesta-semana-segundo-encontro-de-maes-que-oram-pelos-filhos\/","title":{"rendered":"Lavras ter\u00e1 nesta semana segundo encontro de M\u00e3es que Oram pelos filhos"},"content":{"rendered":"<p><img decoding=\"async\" src=\"http:\/\/radio94fm.net\/site\/wp-content\/uploads\/2016\/12\/FIQUE-POR-DENTRO-BANNER-DENTRO-2.gif\"><\/p>\n<p>&nbsp;<\/p>\n<p>&nbsp;<\/p>\n<p>&nbsp;<\/p>\n<p><span style=\"font-weight: 400;\">Nesta quarta-feira, dia 13 novembro, a partir das 18 horas, ser\u00e1 realizado em Lavras o Segundo Encontro de M\u00e3es que oram pelos filhos. O evento \u00e9 promovido pela Par\u00f3quia de Nossa Senhora de F\u00e1tima.<\/span><\/p>\n<p>&nbsp;<\/p>\n<p>&nbsp;<\/p>\n<audio class=\"wp-audio-shortcode\" id=\"audio-31507-1\" preload=\"none\" style=\"width: 100%;\" controls=\"controls\"><source type=\"audio\/mpeg\" src=\"https:\/\/www.radio94fm.net\/site\/wp-content\/uploads\/2019\/11\/FPD-ENCONTRO-MAES-QUE-ORAM-12-11-19-Adelina.mp3?_=1\" \/><a href=\"https:\/\/www.radio94fm.net\/site\/wp-content\/uploads\/2019\/11\/FPD-ENCONTRO-MAES-QUE-ORAM-12-11-19-Adelina.mp3\">https:\/\/www.radio94fm.net\/site\/wp-content\/uploads\/2019\/11\/FPD-ENCONTRO-MAES-QUE-ORAM-12-11-19-Adelina.mp3<\/a><\/audio>\n<p>&nbsp;<\/p>\n<p>&nbsp;<\/p>\n<p>&nbsp;<\/p>\n<p><img loading=\"lazy\" decoding=\"async\" title=\"\" src=\"http:\/\/radio94fm.net\/site\/wp-content\/uploads\/2017\/05\/FIQUE-POR-DENTRO-HORARIO-6-1.gif\" alt=\"\" width=\"604\" height=\"144\"><\/p>\n","protected":false},"excerpt":{"rendered":"<p>&nbsp; &nbsp; &nbsp; Nesta quarta-feira, dia 13 novembro, a partir das 18 horas, ser\u00e1 realizado em Lavras o Segundo Encontro de M\u00e3es que oram pelos filhos. O evento \u00e9 promovido pela Par\u00f3quia de Nossa Senhora de F\u00e1tima. &nbsp; &nbsp; &nbsp; &nbsp; &nbsp;<\/p>\n","protected":false},"author":1,"featured_media":31509,"comment_status":"open","ping_status":"closed","sticky":false,"template":"","format":"standard","meta":{"ngg_post_thumbnail":0,"footnotes":""},"categories":[54],"tags":[],"class_list":["post-31507","post","type-post","status-publish","format-standard","has-post-thumbnail","hentry","category-fique-por-dentro","have-post-thumb"],"_links":{"self":[{"href":"https:\/\/radio94fm.net\/site\/wp-json\/wp\/v2\/posts\/31507","targetHints":{"allow":["GET"]}}],"collection":[{"href":"https:\/\/radio94fm.net\/site\/wp-json\/wp\/v2\/posts"}],"about":[{"href":"https:\/\/radio94fm.net\/site\/wp-json\/wp\/v2\/types\/post"}],"author":[{"embeddable":true,"href":"https:\/\/radio94fm.net\/site\/wp-json\/wp\/v2\/users\/1"}],"replies":[{"embeddable":true,"href":"https:\/\/radio94fm.net\/site\/wp-json\/wp\/v2\/comments?post=31507"}],"version-history":[{"count":0,"href":"https:\/\/radio94fm.net\/site\/wp-json\/wp\/v2\/posts\/31507\/revisions"}],"wp:attachment":[{"href":"https:\/\/radio94fm.net\/site\/wp-json\/wp\/v2\/media?parent=31507"}],"wp:term":[{"taxonomy":"category","embeddable":true,"href":"https:\/\/radio94fm.net\/site\/wp-json\/wp\/v2\/categories?post=31507"},{"taxonomy":"post_tag","embeddable":true,"href":"https:\/\/radio94fm.net\/site\/wp-json\/wp\/v2\/tags?post=31507"}],"curies":[{"name":"wp","href":"https:\/\/api.w.org\/{rel}","templated":true}]}}