{"id":31443,"date":"2019-11-04T15:35:23","date_gmt":"2019-11-04T18:35:23","guid":{"rendered":"http:\/\/www.radio94fm.net\/site\/?p=31443"},"modified":"2019-11-04T15:35:23","modified_gmt":"2019-11-04T18:35:23","slug":"sera-realizada-amanha-simulacao-de-emergencia-com-a-populacao-de-ribeirao-vermelho","status":"publish","type":"post","link":"https:\/\/radio94fm.net\/site\/sera-realizada-amanha-simulacao-de-emergencia-com-a-populacao-de-ribeirao-vermelho\/","title":{"rendered":"Ser\u00e1 realizada amanh\u00e3 simula\u00e7\u00e3o de emerg\u00eancia com a popula\u00e7\u00e3o de Ribeir\u00e3o Vermelho"},"content":{"rendered":"<p><img decoding=\"async\" src=\"http:\/\/radio94fm.net\/site\/wp-content\/uploads\/2016\/12\/FIQUE-POR-DENTRO-BANNER-DENTRO-2.gif\"><\/p>\n<p>&nbsp;<\/p>\n<p>&nbsp;<\/p>\n<p><span style=\"font-weight: 400;\">A Usina do Funil vai realizar na tarde de amanh\u00e3, dia 26, uma simula\u00e7\u00e3o de emerg\u00eancia com a popula\u00e7\u00e3o de Ribeir\u00e3o Vermelho. O exerc\u00edcio envolver\u00e1 tamb\u00e9m o bairro Niter\u00f3i, pertencente ao munic\u00edpio de Lavras. Clique abaixo para ouvir a mat\u00e9ria\u2026<\/span><\/p>\n<p>&nbsp;<\/p>\n<p>&nbsp;<\/p>\n<audio class=\"wp-audio-shortcode\" id=\"audio-31443-1\" preload=\"none\" style=\"width: 100%;\" controls=\"controls\"><source type=\"audio\/mpeg\" src=\"https:\/\/www.radio94fm.net\/site\/wp-content\/uploads\/2019\/11\/FPD-SIMULACAO-BARRAGEM-23-10-19-Pedro.mp3?_=1\" \/><a href=\"https:\/\/www.radio94fm.net\/site\/wp-content\/uploads\/2019\/11\/FPD-SIMULACAO-BARRAGEM-23-10-19-Pedro.mp3\">https:\/\/www.radio94fm.net\/site\/wp-content\/uploads\/2019\/11\/FPD-SIMULACAO-BARRAGEM-23-10-19-Pedro.mp3<\/a><\/audio>\n<p>&nbsp;<\/p>\n<p>&nbsp;<\/p>\n<p>&nbsp;<\/p>\n<p><img loading=\"lazy\" decoding=\"async\" title=\"\" src=\"http:\/\/radio94fm.net\/site\/wp-content\/uploads\/2017\/05\/FIQUE-POR-DENTRO-HORARIO-6-1.gif\" alt=\"\" width=\"604\" height=\"144\"><\/p>\n","protected":false},"excerpt":{"rendered":"<p>&nbsp; &nbsp; A Usina do Funil vai realizar na tarde de amanh\u00e3, dia 26, uma simula\u00e7\u00e3o de emerg\u00eancia com a popula\u00e7\u00e3o de Ribeir\u00e3o Vermelho. O exerc\u00edcio envolver\u00e1 tamb\u00e9m o bairro Niter\u00f3i, pertencente ao munic\u00edpio de Lavras. Clique abaixo para ouvir a mat\u00e9ria\u2026 &nbsp; &nbsp; &nbsp; &nbsp; &nbsp;<\/p>\n","protected":false},"author":1,"featured_media":31445,"comment_status":"open","ping_status":"closed","sticky":false,"template":"","format":"standard","meta":{"ngg_post_thumbnail":0,"footnotes":""},"categories":[54],"tags":[],"class_list":["post-31443","post","type-post","status-publish","format-standard","has-post-thumbnail","hentry","category-fique-por-dentro","have-post-thumb"],"_links":{"self":[{"href":"https:\/\/radio94fm.net\/site\/wp-json\/wp\/v2\/posts\/31443","targetHints":{"allow":["GET"]}}],"collection":[{"href":"https:\/\/radio94fm.net\/site\/wp-json\/wp\/v2\/posts"}],"about":[{"href":"https:\/\/radio94fm.net\/site\/wp-json\/wp\/v2\/types\/post"}],"author":[{"embeddable":true,"href":"https:\/\/radio94fm.net\/site\/wp-json\/wp\/v2\/users\/1"}],"replies":[{"embeddable":true,"href":"https:\/\/radio94fm.net\/site\/wp-json\/wp\/v2\/comments?post=31443"}],"version-history":[{"count":0,"href":"https:\/\/radio94fm.net\/site\/wp-json\/wp\/v2\/posts\/31443\/revisions"}],"wp:attachment":[{"href":"https:\/\/radio94fm.net\/site\/wp-json\/wp\/v2\/media?parent=31443"}],"wp:term":[{"taxonomy":"category","embeddable":true,"href":"https:\/\/radio94fm.net\/site\/wp-json\/wp\/v2\/categories?post=31443"},{"taxonomy":"post_tag","embeddable":true,"href":"https:\/\/radio94fm.net\/site\/wp-json\/wp\/v2\/tags?post=31443"}],"curies":[{"name":"wp","href":"https:\/\/api.w.org\/{rel}","templated":true}]}}