{"id":31412,"date":"2019-10-31T16:05:56","date_gmt":"2019-10-31T19:05:56","guid":{"rendered":"http:\/\/www.radio94fm.net\/site\/?p=31412"},"modified":"2019-10-31T16:05:56","modified_gmt":"2019-10-31T19:05:56","slug":"grupo-teatro-construcao-conquistou-7-premios-em-festival-nacional-do-teatro","status":"publish","type":"post","link":"https:\/\/radio94fm.net\/site\/grupo-teatro-construcao-conquistou-7-premios-em-festival-nacional-do-teatro\/","title":{"rendered":"Grupo Teatro Constru\u00e7\u00e3o conquistou 7 pr\u00eamios em Festival Nacional do Teatro"},"content":{"rendered":"<p><img decoding=\"async\" src=\"http:\/\/radio94fm.net\/site\/wp-content\/uploads\/2016\/12\/FIQUE-POR-DENTRO-BANNER-DENTRO-2.gif\"><\/p>\n<p>&nbsp;<\/p>\n<p>&nbsp;<\/p>\n<p>&nbsp;<\/p>\n<p><span style=\"font-weight: 400;\">O Grupo Teatro Constru\u00e7\u00e3o (GTC) participou entre os dias 16 e 19 deste m\u00eas do Sexto Festival Nacional de Teatro (FESTA), em Araguari, no Tri\u00e2ngulo Mineiro. O grupo representou Lavras com o espet\u00e1culo &#8220;O M\u00e9dico Saltador&#8221;, sendo um dos espet\u00e1culos mais bem premiados do festival.<\/span><\/p>\n<p>&nbsp;<\/p>\n<p>&nbsp;<\/p>\n<p>&nbsp;<\/p>\n<audio class=\"wp-audio-shortcode\" id=\"audio-31412-1\" preload=\"none\" style=\"width: 100%;\" controls=\"controls\"><source type=\"audio\/mpeg\" src=\"https:\/\/www.radio94fm.net\/site\/wp-content\/uploads\/2019\/10\/FPD-GRUPO-TEATRO-29-10-19-Adelina.mp3?_=1\" \/><a href=\"https:\/\/www.radio94fm.net\/site\/wp-content\/uploads\/2019\/10\/FPD-GRUPO-TEATRO-29-10-19-Adelina.mp3\">https:\/\/www.radio94fm.net\/site\/wp-content\/uploads\/2019\/10\/FPD-GRUPO-TEATRO-29-10-19-Adelina.mp3<\/a><\/audio>\n<p>&nbsp;<\/p>\n<p>&nbsp;<\/p>\n<p>&nbsp;<\/p>\n<p>&nbsp;<\/p>\n<p><img loading=\"lazy\" decoding=\"async\" title=\"\" src=\"http:\/\/radio94fm.net\/site\/wp-content\/uploads\/2017\/05\/FIQUE-POR-DENTRO-HORARIO-6-1.gif\" alt=\"\" width=\"604\" height=\"144\"><\/p>\n","protected":false},"excerpt":{"rendered":"<p>&nbsp; &nbsp; &nbsp; O Grupo Teatro Constru\u00e7\u00e3o (GTC) participou entre os dias 16 e 19 deste m\u00eas do Sexto Festival Nacional de Teatro (FESTA), em Araguari, no Tri\u00e2ngulo Mineiro. O grupo representou Lavras com o espet\u00e1culo &#8220;O M\u00e9dico Saltador&#8221;, sendo um dos espet\u00e1culos mais bem premiados do festival. &nbsp; &nbsp; &nbsp; &nbsp; &nbsp; &nbsp; &nbsp;<\/p>\n","protected":false},"author":1,"featured_media":31414,"comment_status":"open","ping_status":"closed","sticky":false,"template":"","format":"standard","meta":{"ngg_post_thumbnail":0,"footnotes":""},"categories":[54],"tags":[],"class_list":["post-31412","post","type-post","status-publish","format-standard","has-post-thumbnail","hentry","category-fique-por-dentro","have-post-thumb"],"_links":{"self":[{"href":"https:\/\/radio94fm.net\/site\/wp-json\/wp\/v2\/posts\/31412","targetHints":{"allow":["GET"]}}],"collection":[{"href":"https:\/\/radio94fm.net\/site\/wp-json\/wp\/v2\/posts"}],"about":[{"href":"https:\/\/radio94fm.net\/site\/wp-json\/wp\/v2\/types\/post"}],"author":[{"embeddable":true,"href":"https:\/\/radio94fm.net\/site\/wp-json\/wp\/v2\/users\/1"}],"replies":[{"embeddable":true,"href":"https:\/\/radio94fm.net\/site\/wp-json\/wp\/v2\/comments?post=31412"}],"version-history":[{"count":0,"href":"https:\/\/radio94fm.net\/site\/wp-json\/wp\/v2\/posts\/31412\/revisions"}],"wp:attachment":[{"href":"https:\/\/radio94fm.net\/site\/wp-json\/wp\/v2\/media?parent=31412"}],"wp:term":[{"taxonomy":"category","embeddable":true,"href":"https:\/\/radio94fm.net\/site\/wp-json\/wp\/v2\/categories?post=31412"},{"taxonomy":"post_tag","embeddable":true,"href":"https:\/\/radio94fm.net\/site\/wp-json\/wp\/v2\/tags?post=31412"}],"curies":[{"name":"wp","href":"https:\/\/api.w.org\/{rel}","templated":true}]}}