{"id":31388,"date":"2019-10-24T16:00:35","date_gmt":"2019-10-24T19:00:35","guid":{"rendered":"http:\/\/www.radio94fm.net\/site\/?p=31388"},"modified":"2019-10-24T16:00:35","modified_gmt":"2019-10-24T19:00:35","slug":"mulheres-do-grupo-alegria-de-viver-trocam-experiencias-e-relatos-em-piquenique-rosa","status":"publish","type":"post","link":"https:\/\/radio94fm.net\/site\/mulheres-do-grupo-alegria-de-viver-trocam-experiencias-e-relatos-em-piquenique-rosa\/","title":{"rendered":"Mulheres do Grupo Alegria de Viver trocam experi\u00eancias e relatos em \u2018Piquenique Rosa\u2019"},"content":{"rendered":"<p><img decoding=\"async\" src=\"http:\/\/radio94fm.net\/site\/wp-content\/uploads\/2016\/12\/FIQUE-POR-DENTRO-BANNER-DENTRO-2.gif\"><\/p>\n<p>&nbsp;<\/p>\n<p>&nbsp;<\/p>\n<p>&nbsp;<\/p>\n<p><span style=\"font-weight: 400;\">O grupo Alegria de Viver formado por pessoas da terceira idade, promoveu um &#8220;piquenique rosa&#8221; na tarde da \u00faltima sexta-feira. O objetivo era levar ao p\u00fablico informa\u00e7\u00e3o acerca do c\u00e2ncer de mama, que \u00e9 a segunda maior causa de morte entre as mulheres. Clique e confira a mat\u00e9ria:<\/span><\/p>\n<p>&nbsp;<\/p>\n<p>&nbsp;<\/p>\n<p>&nbsp;<\/p>\n<audio class=\"wp-audio-shortcode\" id=\"audio-31388-1\" preload=\"none\" style=\"width: 100%;\" controls=\"controls\"><source type=\"audio\/mpeg\" src=\"https:\/\/www.radio94fm.net\/site\/wp-content\/uploads\/2019\/10\/FPD-GRUPO-ALEGRIA-21-10-19-Adelina.mp3?_=1\" \/><a href=\"https:\/\/www.radio94fm.net\/site\/wp-content\/uploads\/2019\/10\/FPD-GRUPO-ALEGRIA-21-10-19-Adelina.mp3\">https:\/\/www.radio94fm.net\/site\/wp-content\/uploads\/2019\/10\/FPD-GRUPO-ALEGRIA-21-10-19-Adelina.mp3<\/a><\/audio>\n<p>&nbsp;<\/p>\n<p>&nbsp;<\/p>\n<p>&nbsp;<\/p>\n<p>&nbsp;<\/p>\n<p>&nbsp;<\/p>\n<p><img loading=\"lazy\" decoding=\"async\" title=\"\" src=\"https:\/\/www.radio94fm.net\/site\/wp-content\/uploads\/2017\/05\/FIQUE-POR-DENTRO-HORARIO-6-1.gif\" alt=\"\" width=\"604\" height=\"144\"><\/p>\n","protected":false},"excerpt":{"rendered":"<p>&nbsp; &nbsp; &nbsp; O grupo Alegria de Viver formado por pessoas da terceira idade, promoveu um &#8220;piquenique rosa&#8221; na tarde da \u00faltima sexta-feira. O objetivo era levar ao p\u00fablico informa\u00e7\u00e3o acerca do c\u00e2ncer de mama, que \u00e9 a segunda maior causa de morte entre as mulheres. Clique e confira a mat\u00e9ria: &nbsp; &nbsp; &nbsp; &nbsp;&#8230;<\/p>\n","protected":false},"author":1,"featured_media":31390,"comment_status":"open","ping_status":"closed","sticky":false,"template":"","format":"standard","meta":{"ngg_post_thumbnail":0,"footnotes":""},"categories":[54],"tags":[],"class_list":["post-31388","post","type-post","status-publish","format-standard","has-post-thumbnail","hentry","category-fique-por-dentro","have-post-thumb"],"_links":{"self":[{"href":"https:\/\/radio94fm.net\/site\/wp-json\/wp\/v2\/posts\/31388","targetHints":{"allow":["GET"]}}],"collection":[{"href":"https:\/\/radio94fm.net\/site\/wp-json\/wp\/v2\/posts"}],"about":[{"href":"https:\/\/radio94fm.net\/site\/wp-json\/wp\/v2\/types\/post"}],"author":[{"embeddable":true,"href":"https:\/\/radio94fm.net\/site\/wp-json\/wp\/v2\/users\/1"}],"replies":[{"embeddable":true,"href":"https:\/\/radio94fm.net\/site\/wp-json\/wp\/v2\/comments?post=31388"}],"version-history":[{"count":0,"href":"https:\/\/radio94fm.net\/site\/wp-json\/wp\/v2\/posts\/31388\/revisions"}],"wp:attachment":[{"href":"https:\/\/radio94fm.net\/site\/wp-json\/wp\/v2\/media?parent=31388"}],"wp:term":[{"taxonomy":"category","embeddable":true,"href":"https:\/\/radio94fm.net\/site\/wp-json\/wp\/v2\/categories?post=31388"},{"taxonomy":"post_tag","embeddable":true,"href":"https:\/\/radio94fm.net\/site\/wp-json\/wp\/v2\/tags?post=31388"}],"curies":[{"name":"wp","href":"https:\/\/api.w.org\/{rel}","templated":true}]}}