{"id":31376,"date":"2019-10-24T15:13:16","date_gmt":"2019-10-24T18:13:16","guid":{"rendered":"http:\/\/www.radio94fm.net\/site\/?p=31376"},"modified":"2019-10-24T15:13:16","modified_gmt":"2019-10-24T18:13:16","slug":"numero-de-mortes-por-dengue-em-minas-e-o-segundo-maior-da-decada","status":"publish","type":"post","link":"https:\/\/radio94fm.net\/site\/numero-de-mortes-por-dengue-em-minas-e-o-segundo-maior-da-decada\/","title":{"rendered":"N\u00famero de mortes por dengue em Minas \u00e9 o segundo maior da d\u00e9cada"},"content":{"rendered":"<p><img decoding=\"async\" src=\"http:\/\/radio94fm.net\/site\/wp-content\/uploads\/2016\/12\/FIQUE-POR-DENTRO-BANNER-DENTRO-2.gif\"><\/p>\n<p>&nbsp;<\/p>\n<p>&nbsp;<\/p>\n<p>&nbsp;<\/p>\n<p><span style=\"font-weight: 400;\">A Secretaria de Estado de Sa\u00fade segue confirmando novas mortes por dengue em Minas Gerais. Segundo a pasta, 144 pessoas morreram v\u00edtimas da doen\u00e7a neste ano. H\u00e1 uma semana, as v\u00edtimas eram 137. Outros 110 \u00f3bitos ainda est\u00e3o sendo investigados, o que pode elevar, ainda mais o n\u00famero de mortos em decorr\u00eancia da dengue no Estado. Clique e confira a mat\u00e9ria:<\/span><\/p>\n<p>&nbsp;<\/p>\n<p>&nbsp;<\/p>\n<audio class=\"wp-audio-shortcode\" id=\"audio-31376-1\" preload=\"none\" style=\"width: 100%;\" controls=\"controls\"><source type=\"audio\/mpeg\" src=\"https:\/\/www.radio94fm.net\/site\/wp-content\/uploads\/2019\/10\/FPD-DENGUE-14-10-19-Adelina.mp3?_=1\" \/><a href=\"https:\/\/www.radio94fm.net\/site\/wp-content\/uploads\/2019\/10\/FPD-DENGUE-14-10-19-Adelina.mp3\">https:\/\/www.radio94fm.net\/site\/wp-content\/uploads\/2019\/10\/FPD-DENGUE-14-10-19-Adelina.mp3<\/a><\/audio>\n<p>&nbsp;<\/p>\n<p>&nbsp;<\/p>\n<p>&nbsp;<\/p>\n<p><img loading=\"lazy\" decoding=\"async\" title=\"\" src=\"https:\/\/www.radio94fm.net\/site\/wp-content\/uploads\/2017\/05\/FIQUE-POR-DENTRO-HORARIO-6-1.gif\" alt=\"\" width=\"604\" height=\"144\"><\/p>\n","protected":false},"excerpt":{"rendered":"<p>&nbsp; &nbsp; &nbsp; A Secretaria de Estado de Sa\u00fade segue confirmando novas mortes por dengue em Minas Gerais. Segundo a pasta, 144 pessoas morreram v\u00edtimas da doen\u00e7a neste ano. H\u00e1 uma semana, as v\u00edtimas eram 137. Outros 110 \u00f3bitos ainda est\u00e3o sendo investigados, o que pode elevar, ainda mais o n\u00famero de mortos em decorr\u00eancia&#8230;<\/p>\n","protected":false},"author":1,"featured_media":31378,"comment_status":"open","ping_status":"closed","sticky":false,"template":"","format":"standard","meta":{"ngg_post_thumbnail":0,"footnotes":""},"categories":[54],"tags":[],"class_list":["post-31376","post","type-post","status-publish","format-standard","has-post-thumbnail","hentry","category-fique-por-dentro","have-post-thumb"],"_links":{"self":[{"href":"https:\/\/radio94fm.net\/site\/wp-json\/wp\/v2\/posts\/31376","targetHints":{"allow":["GET"]}}],"collection":[{"href":"https:\/\/radio94fm.net\/site\/wp-json\/wp\/v2\/posts"}],"about":[{"href":"https:\/\/radio94fm.net\/site\/wp-json\/wp\/v2\/types\/post"}],"author":[{"embeddable":true,"href":"https:\/\/radio94fm.net\/site\/wp-json\/wp\/v2\/users\/1"}],"replies":[{"embeddable":true,"href":"https:\/\/radio94fm.net\/site\/wp-json\/wp\/v2\/comments?post=31376"}],"version-history":[{"count":0,"href":"https:\/\/radio94fm.net\/site\/wp-json\/wp\/v2\/posts\/31376\/revisions"}],"wp:attachment":[{"href":"https:\/\/radio94fm.net\/site\/wp-json\/wp\/v2\/media?parent=31376"}],"wp:term":[{"taxonomy":"category","embeddable":true,"href":"https:\/\/radio94fm.net\/site\/wp-json\/wp\/v2\/categories?post=31376"},{"taxonomy":"post_tag","embeddable":true,"href":"https:\/\/radio94fm.net\/site\/wp-json\/wp\/v2\/tags?post=31376"}],"curies":[{"name":"wp","href":"https:\/\/api.w.org\/{rel}","templated":true}]}}