{"id":31372,"date":"2019-10-24T15:08:47","date_gmt":"2019-10-24T18:08:47","guid":{"rendered":"http:\/\/www.radio94fm.net\/site\/?p=31372"},"modified":"2019-10-24T15:08:47","modified_gmt":"2019-10-24T18:08:47","slug":"comemoracao-aos-150-anos-de-nascimento-do-professor-firmino-costa-acontece-na-proxima-segunda-em-lavras","status":"publish","type":"post","link":"https:\/\/radio94fm.net\/site\/comemoracao-aos-150-anos-de-nascimento-do-professor-firmino-costa-acontece-na-proxima-segunda-em-lavras\/","title":{"rendered":"Comemora\u00e7\u00e3o aos 150 anos de nascimento do Professor Firmino Costa acontece na pr\u00f3xima segunda, em Lavras"},"content":{"rendered":"<p><img decoding=\"async\" src=\"http:\/\/radio94fm.net\/site\/wp-content\/uploads\/2016\/12\/FIQUE-POR-DENTRO-BANNER-DENTRO-2.gif\"><\/p>\n<p>&nbsp;<\/p>\n<p>&nbsp;<\/p>\n<p>&nbsp;<\/p>\n<p><span style=\"font-weight: 400;\">Na pr\u00f3xima segunda-feira, dia 28, \u00e0s 16:30, ser\u00e1 realizada na Pra\u00e7a Leonardo Venerando, uma cerim\u00f4nia em comemora\u00e7\u00e3o aos 150 anos de nascimento do Professor Firmino Costa. Na ocasi\u00e3o ser\u00e1 lan\u00e7ado o livro &#8220;Vida Escolar&#8221;, que re\u00fane todas as edi\u00e7\u00f5es de um jornal do in\u00edcio do s\u00e9culo passado. Clique abaixo para ouvir a mat\u00e9ria\u2026<\/span><\/p>\n<p>&nbsp;<\/p>\n<p>&nbsp;<\/p>\n<p>&nbsp;<\/p>\n<audio class=\"wp-audio-shortcode\" id=\"audio-31372-1\" preload=\"none\" style=\"width: 100%;\" controls=\"controls\"><source type=\"audio\/mpeg\" src=\"https:\/\/www.radio94fm.net\/site\/wp-content\/uploads\/2019\/10\/FPD-FIRMINO-COSTA-22-10-19-Pedro.mp3?_=1\" \/><a href=\"https:\/\/www.radio94fm.net\/site\/wp-content\/uploads\/2019\/10\/FPD-FIRMINO-COSTA-22-10-19-Pedro.mp3\">https:\/\/www.radio94fm.net\/site\/wp-content\/uploads\/2019\/10\/FPD-FIRMINO-COSTA-22-10-19-Pedro.mp3<\/a><\/audio>\n<p>&nbsp;<\/p>\n<p>&nbsp;<\/p>\n<p>&nbsp;<\/p>\n<p><img loading=\"lazy\" decoding=\"async\" title=\"\" src=\"https:\/\/www.radio94fm.net\/site\/wp-content\/uploads\/2017\/05\/FIQUE-POR-DENTRO-HORARIO-6-1.gif\" alt=\"\" width=\"604\" height=\"144\"><\/p>\n","protected":false},"excerpt":{"rendered":"<p>&nbsp; &nbsp; &nbsp; Na pr\u00f3xima segunda-feira, dia 28, \u00e0s 16:30, ser\u00e1 realizada na Pra\u00e7a Leonardo Venerando, uma cerim\u00f4nia em comemora\u00e7\u00e3o aos 150 anos de nascimento do Professor Firmino Costa. Na ocasi\u00e3o ser\u00e1 lan\u00e7ado o livro &#8220;Vida Escolar&#8221;, que re\u00fane todas as edi\u00e7\u00f5es de um jornal do in\u00edcio do s\u00e9culo passado. Clique abaixo para ouvir a&#8230;<\/p>\n","protected":false},"author":1,"featured_media":31374,"comment_status":"open","ping_status":"closed","sticky":false,"template":"","format":"standard","meta":{"ngg_post_thumbnail":0,"footnotes":""},"categories":[54],"tags":[],"class_list":["post-31372","post","type-post","status-publish","format-standard","has-post-thumbnail","hentry","category-fique-por-dentro","have-post-thumb"],"_links":{"self":[{"href":"https:\/\/radio94fm.net\/site\/wp-json\/wp\/v2\/posts\/31372","targetHints":{"allow":["GET"]}}],"collection":[{"href":"https:\/\/radio94fm.net\/site\/wp-json\/wp\/v2\/posts"}],"about":[{"href":"https:\/\/radio94fm.net\/site\/wp-json\/wp\/v2\/types\/post"}],"author":[{"embeddable":true,"href":"https:\/\/radio94fm.net\/site\/wp-json\/wp\/v2\/users\/1"}],"replies":[{"embeddable":true,"href":"https:\/\/radio94fm.net\/site\/wp-json\/wp\/v2\/comments?post=31372"}],"version-history":[{"count":0,"href":"https:\/\/radio94fm.net\/site\/wp-json\/wp\/v2\/posts\/31372\/revisions"}],"wp:attachment":[{"href":"https:\/\/radio94fm.net\/site\/wp-json\/wp\/v2\/media?parent=31372"}],"wp:term":[{"taxonomy":"category","embeddable":true,"href":"https:\/\/radio94fm.net\/site\/wp-json\/wp\/v2\/categories?post=31372"},{"taxonomy":"post_tag","embeddable":true,"href":"https:\/\/radio94fm.net\/site\/wp-json\/wp\/v2\/tags?post=31372"}],"curies":[{"name":"wp","href":"https:\/\/api.w.org\/{rel}","templated":true}]}}