{"id":31352,"date":"2019-10-24T14:57:23","date_gmt":"2019-10-24T17:57:23","guid":{"rendered":"http:\/\/www.radio94fm.net\/site\/?p=31352"},"modified":"2019-10-24T14:57:23","modified_gmt":"2019-10-24T17:57:23","slug":"professor-de-lingua-portuguesa-da-dicas-para-quem-esta-se-preparando-para-o-enem","status":"publish","type":"post","link":"https:\/\/radio94fm.net\/site\/professor-de-lingua-portuguesa-da-dicas-para-quem-esta-se-preparando-para-o-enem\/","title":{"rendered":"Professor de L\u00edngua Portuguesa d\u00e1 dicas para quem est\u00e1 se preparando para o Enem"},"content":{"rendered":"<p><img decoding=\"async\" src=\"http:\/\/radio94fm.net\/site\/wp-content\/uploads\/2016\/12\/FIQUE-POR-DENTRO-BANNER-DENTRO-2.gif\"><\/p>\n<p>&nbsp;<\/p>\n<p>&nbsp;<\/p>\n<p>&nbsp;<\/p>\n<p><span style=\"font-weight: 400;\">O Enem neste ano ser\u00e1 realizado nos dias 3 e 10 de novembro. No primeiro domingo, dia 3, ser\u00e1 realizada a prova de L\u00edngua Portuguesa, que exigir\u00e1 dos candidatos perfei\u00e7\u00e3o na interpreta\u00e7\u00e3o de textos, al\u00e9m de conhecimentos sobre g\u00eaneros liter\u00e1rios, lingu\u00edstica, gram\u00e1tica e reda\u00e7\u00e3o. Clique abaixo para ouvir a mat\u00e9ria\u2026<\/span><\/p>\n<p>&nbsp;<\/p>\n<p>&nbsp;<\/p>\n<p>&nbsp;<\/p>\n<p>&nbsp;<\/p>\n<audio class=\"wp-audio-shortcode\" id=\"audio-31352-1\" preload=\"none\" style=\"width: 100%;\" controls=\"controls\"><source type=\"audio\/mpeg\" src=\"https:\/\/www.radio94fm.net\/site\/wp-content\/uploads\/2019\/10\/FPD-ENEM-16-10-19-Pedro.mp3?_=1\" \/><a href=\"https:\/\/www.radio94fm.net\/site\/wp-content\/uploads\/2019\/10\/FPD-ENEM-16-10-19-Pedro.mp3\">https:\/\/www.radio94fm.net\/site\/wp-content\/uploads\/2019\/10\/FPD-ENEM-16-10-19-Pedro.mp3<\/a><\/audio>\n<p>&nbsp;<\/p>\n<p>&nbsp;<\/p>\n<p>&nbsp;<\/p>\n<p>&nbsp;<\/p>\n<p><img loading=\"lazy\" decoding=\"async\" title=\"\" src=\"https:\/\/www.radio94fm.net\/site\/wp-content\/uploads\/2017\/05\/FIQUE-POR-DENTRO-HORARIO-6-1.gif\" alt=\"\" width=\"604\" height=\"144\"><\/p>\n","protected":false},"excerpt":{"rendered":"<p>&nbsp; &nbsp; &nbsp; O Enem neste ano ser\u00e1 realizado nos dias 3 e 10 de novembro. No primeiro domingo, dia 3, ser\u00e1 realizada a prova de L\u00edngua Portuguesa, que exigir\u00e1 dos candidatos perfei\u00e7\u00e3o na interpreta\u00e7\u00e3o de textos, al\u00e9m de conhecimentos sobre g\u00eaneros liter\u00e1rios, lingu\u00edstica, gram\u00e1tica e reda\u00e7\u00e3o. Clique abaixo para ouvir a mat\u00e9ria\u2026 &nbsp; &nbsp;&#8230;<\/p>\n","protected":false},"author":1,"featured_media":31354,"comment_status":"open","ping_status":"closed","sticky":false,"template":"","format":"standard","meta":{"ngg_post_thumbnail":0,"footnotes":""},"categories":[54],"tags":[],"class_list":["post-31352","post","type-post","status-publish","format-standard","has-post-thumbnail","hentry","category-fique-por-dentro","have-post-thumb"],"_links":{"self":[{"href":"https:\/\/radio94fm.net\/site\/wp-json\/wp\/v2\/posts\/31352","targetHints":{"allow":["GET"]}}],"collection":[{"href":"https:\/\/radio94fm.net\/site\/wp-json\/wp\/v2\/posts"}],"about":[{"href":"https:\/\/radio94fm.net\/site\/wp-json\/wp\/v2\/types\/post"}],"author":[{"embeddable":true,"href":"https:\/\/radio94fm.net\/site\/wp-json\/wp\/v2\/users\/1"}],"replies":[{"embeddable":true,"href":"https:\/\/radio94fm.net\/site\/wp-json\/wp\/v2\/comments?post=31352"}],"version-history":[{"count":0,"href":"https:\/\/radio94fm.net\/site\/wp-json\/wp\/v2\/posts\/31352\/revisions"}],"wp:attachment":[{"href":"https:\/\/radio94fm.net\/site\/wp-json\/wp\/v2\/media?parent=31352"}],"wp:term":[{"taxonomy":"category","embeddable":true,"href":"https:\/\/radio94fm.net\/site\/wp-json\/wp\/v2\/categories?post=31352"},{"taxonomy":"post_tag","embeddable":true,"href":"https:\/\/radio94fm.net\/site\/wp-json\/wp\/v2\/tags?post=31352"}],"curies":[{"name":"wp","href":"https:\/\/api.w.org\/{rel}","templated":true}]}}