{"id":31327,"date":"2019-10-16T15:17:49","date_gmt":"2019-10-16T18:17:49","guid":{"rendered":"http:\/\/www.radio94fm.net\/site\/?p=31327"},"modified":"2019-10-16T15:17:49","modified_gmt":"2019-10-16T18:17:49","slug":"criancas-e-adolescentes-sao-alvos-de-varios-tipos-de-violencia-diariamente-no-brasil","status":"publish","type":"post","link":"https:\/\/radio94fm.net\/site\/criancas-e-adolescentes-sao-alvos-de-varios-tipos-de-violencia-diariamente-no-brasil\/","title":{"rendered":"Crian\u00e7as e adolescentes s\u00e3o alvos de v\u00e1rios tipos de viol\u00eancia diariamente no Brasil"},"content":{"rendered":"<p><img decoding=\"async\" src=\"http:\/\/radio94fm.net\/site\/wp-content\/uploads\/2016\/12\/FIQUE-POR-DENTRO-BANNER-DENTRO-2.gif\"><\/p>\n<p>&nbsp;<\/p>\n<p>&nbsp;<\/p>\n<p>&nbsp;<\/p>\n<p><span style=\"font-weight: 400;\">Desde a Era Vargas, em 12 de outubro \u00e9 comemorado o Dia das Crian\u00e7as no Brasil. Mas, em pleno s\u00e9culo 21, h\u00e1 o que comemorar? De acordo com o Instituto Brasileiro de Geografia e Estat\u00edstica (IBGE), o Pa\u00eds tinha quase 39 milh\u00f5es de pessoas at\u00e9 13 anos, em 2017. Sem voz, sem defesa, sem acesso \u00e0 plenitude dos seus direitos, essa parcela da popula\u00e7\u00e3o sofre viola\u00e7\u00f5es diariamente. Clique e confira a mat\u00e9ria:<\/span><\/p>\n<p>&nbsp;<\/p>\n<p>&nbsp;<\/p>\n<p>&nbsp;<\/p>\n<p>&nbsp;<\/p>\n<audio class=\"wp-audio-shortcode\" id=\"audio-31327-1\" preload=\"none\" style=\"width: 100%;\" controls=\"controls\"><source type=\"audio\/mpeg\" src=\"https:\/\/www.radio94fm.net\/site\/wp-content\/uploads\/2019\/10\/FPD-CRIANCAS-ADOLESCENTES-11-10-19-Adelina.mp3?_=1\" \/><a href=\"https:\/\/www.radio94fm.net\/site\/wp-content\/uploads\/2019\/10\/FPD-CRIANCAS-ADOLESCENTES-11-10-19-Adelina.mp3\">https:\/\/www.radio94fm.net\/site\/wp-content\/uploads\/2019\/10\/FPD-CRIANCAS-ADOLESCENTES-11-10-19-Adelina.mp3<\/a><\/audio>\n<p>&nbsp;<\/p>\n<p>&nbsp;<\/p>\n<p>&nbsp;<\/p>\n<p><img loading=\"lazy\" decoding=\"async\" title=\"\" src=\"https:\/\/www.radio94fm.net\/site\/wp-content\/uploads\/2017\/05\/FIQUE-POR-DENTRO-HORARIO-6-1.gif\" alt=\"\" width=\"604\" height=\"144\"><\/p>\n","protected":false},"excerpt":{"rendered":"<p>&nbsp; &nbsp; &nbsp; Desde a Era Vargas, em 12 de outubro \u00e9 comemorado o Dia das Crian\u00e7as no Brasil. Mas, em pleno s\u00e9culo 21, h\u00e1 o que comemorar? De acordo com o Instituto Brasileiro de Geografia e Estat\u00edstica (IBGE), o Pa\u00eds tinha quase 39 milh\u00f5es de pessoas at\u00e9 13 anos, em 2017. Sem voz, sem&#8230;<\/p>\n","protected":false},"author":1,"featured_media":31329,"comment_status":"open","ping_status":"closed","sticky":false,"template":"","format":"standard","meta":{"ngg_post_thumbnail":0,"footnotes":""},"categories":[54],"tags":[],"class_list":["post-31327","post","type-post","status-publish","format-standard","has-post-thumbnail","hentry","category-fique-por-dentro","have-post-thumb"],"_links":{"self":[{"href":"https:\/\/radio94fm.net\/site\/wp-json\/wp\/v2\/posts\/31327","targetHints":{"allow":["GET"]}}],"collection":[{"href":"https:\/\/radio94fm.net\/site\/wp-json\/wp\/v2\/posts"}],"about":[{"href":"https:\/\/radio94fm.net\/site\/wp-json\/wp\/v2\/types\/post"}],"author":[{"embeddable":true,"href":"https:\/\/radio94fm.net\/site\/wp-json\/wp\/v2\/users\/1"}],"replies":[{"embeddable":true,"href":"https:\/\/radio94fm.net\/site\/wp-json\/wp\/v2\/comments?post=31327"}],"version-history":[{"count":0,"href":"https:\/\/radio94fm.net\/site\/wp-json\/wp\/v2\/posts\/31327\/revisions"}],"wp:attachment":[{"href":"https:\/\/radio94fm.net\/site\/wp-json\/wp\/v2\/media?parent=31327"}],"wp:term":[{"taxonomy":"category","embeddable":true,"href":"https:\/\/radio94fm.net\/site\/wp-json\/wp\/v2\/categories?post=31327"},{"taxonomy":"post_tag","embeddable":true,"href":"https:\/\/radio94fm.net\/site\/wp-json\/wp\/v2\/tags?post=31327"}],"curies":[{"name":"wp","href":"https:\/\/api.w.org\/{rel}","templated":true}]}}