{"id":31315,"date":"2019-10-15T14:45:47","date_gmt":"2019-10-15T17:45:47","guid":{"rendered":"http:\/\/www.radio94fm.net\/site\/?p=31315"},"modified":"2019-10-15T14:45:47","modified_gmt":"2019-10-15T17:45:47","slug":"educacao-humanizada-e-protagonismo-estudantil-e-objetivo-do-projeto-escola-de-todos-e-de-cada-um","status":"publish","type":"post","link":"https:\/\/radio94fm.net\/site\/educacao-humanizada-e-protagonismo-estudantil-e-objetivo-do-projeto-escola-de-todos-e-de-cada-um\/","title":{"rendered":"Educa\u00e7\u00e3o humanizada e protagonismo estudantil \u00e9 objetivo do projeto \u2018Escola de Todos e De Cada Um\u2019"},"content":{"rendered":"<p><img decoding=\"async\" src=\"http:\/\/radio94fm.net\/site\/wp-content\/uploads\/2016\/12\/FIQUE-POR-DENTRO-BANNER-DENTRO-2.gif\"><\/p>\n<p>&nbsp;<\/p>\n<p>&nbsp;<\/p>\n<p>&nbsp;<\/p>\n<p><span style=\"font-weight: 400;\">Estudo internacional divulgado em setembro deste ano, mostra que o n\u00famero de crian\u00e7as na educa\u00e7\u00e3o infantil aumentou, mas que o investimento p\u00fablico por aluno ainda \u00e9 baixo no ensino b\u00e1sico. Os dados s\u00e3o do relat\u00f3rio feito pela Organiza\u00e7\u00e3o para Coopera\u00e7\u00e3o do Desenvolvimento Econ\u00f4mico. Clique e confira a mat\u00e9ria:<\/span><\/p>\n<p>&nbsp;<\/p>\n<p>&nbsp;<\/p>\n<p>&nbsp;<\/p>\n<audio class=\"wp-audio-shortcode\" id=\"audio-31315-1\" preload=\"none\" style=\"width: 100%;\" controls=\"controls\"><source type=\"audio\/mpeg\" src=\"https:\/\/www.radio94fm.net\/site\/wp-content\/uploads\/2019\/10\/FPD-EDUCACAO-HUMANIZADA-09-10-19-Adelina.mp3?_=1\" \/><a href=\"https:\/\/www.radio94fm.net\/site\/wp-content\/uploads\/2019\/10\/FPD-EDUCACAO-HUMANIZADA-09-10-19-Adelina.mp3\">https:\/\/www.radio94fm.net\/site\/wp-content\/uploads\/2019\/10\/FPD-EDUCACAO-HUMANIZADA-09-10-19-Adelina.mp3<\/a><\/audio>\n<p>&nbsp;<\/p>\n<p>&nbsp;<\/p>\n<p>&nbsp;<\/p>\n<p>&nbsp;<\/p>\n<p><img loading=\"lazy\" decoding=\"async\" title=\"\" src=\"https:\/\/www.radio94fm.net\/site\/wp-content\/uploads\/2017\/05\/FIQUE-POR-DENTRO-HORARIO-6-1.gif\" alt=\"\" width=\"604\" height=\"144\"><\/p>\n","protected":false},"excerpt":{"rendered":"<p>&nbsp; &nbsp; &nbsp; Estudo internacional divulgado em setembro deste ano, mostra que o n\u00famero de crian\u00e7as na educa\u00e7\u00e3o infantil aumentou, mas que o investimento p\u00fablico por aluno ainda \u00e9 baixo no ensino b\u00e1sico. Os dados s\u00e3o do relat\u00f3rio feito pela Organiza\u00e7\u00e3o para Coopera\u00e7\u00e3o do Desenvolvimento Econ\u00f4mico. Clique e confira a mat\u00e9ria: &nbsp; &nbsp; &nbsp; &nbsp;&#8230;<\/p>\n","protected":false},"author":1,"featured_media":31317,"comment_status":"open","ping_status":"closed","sticky":false,"template":"","format":"standard","meta":{"ngg_post_thumbnail":0,"footnotes":""},"categories":[54],"tags":[],"class_list":["post-31315","post","type-post","status-publish","format-standard","has-post-thumbnail","hentry","category-fique-por-dentro","have-post-thumb"],"_links":{"self":[{"href":"https:\/\/radio94fm.net\/site\/wp-json\/wp\/v2\/posts\/31315","targetHints":{"allow":["GET"]}}],"collection":[{"href":"https:\/\/radio94fm.net\/site\/wp-json\/wp\/v2\/posts"}],"about":[{"href":"https:\/\/radio94fm.net\/site\/wp-json\/wp\/v2\/types\/post"}],"author":[{"embeddable":true,"href":"https:\/\/radio94fm.net\/site\/wp-json\/wp\/v2\/users\/1"}],"replies":[{"embeddable":true,"href":"https:\/\/radio94fm.net\/site\/wp-json\/wp\/v2\/comments?post=31315"}],"version-history":[{"count":0,"href":"https:\/\/radio94fm.net\/site\/wp-json\/wp\/v2\/posts\/31315\/revisions"}],"wp:attachment":[{"href":"https:\/\/radio94fm.net\/site\/wp-json\/wp\/v2\/media?parent=31315"}],"wp:term":[{"taxonomy":"category","embeddable":true,"href":"https:\/\/radio94fm.net\/site\/wp-json\/wp\/v2\/categories?post=31315"},{"taxonomy":"post_tag","embeddable":true,"href":"https:\/\/radio94fm.net\/site\/wp-json\/wp\/v2\/tags?post=31315"}],"curies":[{"name":"wp","href":"https:\/\/api.w.org\/{rel}","templated":true}]}}