{"id":31291,"date":"2019-10-15T14:28:06","date_gmt":"2019-10-15T17:28:06","guid":{"rendered":"http:\/\/www.radio94fm.net\/site\/?p=31291"},"modified":"2019-10-15T14:28:06","modified_gmt":"2019-10-15T17:28:06","slug":"advogada-fala-sobre-a-violencia-psicologica-contra-a-mulher","status":"publish","type":"post","link":"https:\/\/radio94fm.net\/site\/advogada-fala-sobre-a-violencia-psicologica-contra-a-mulher\/","title":{"rendered":"Advogada fala sobre a viol\u00eancia psicol\u00f3gica contra a mulher"},"content":{"rendered":"<p><img decoding=\"async\" src=\"http:\/\/radio94fm.net\/site\/wp-content\/uploads\/2016\/12\/FIQUE-POR-DENTRO-BANNER-DENTRO-2.gif\"><\/p>\n<p>&nbsp;<\/p>\n<p>&nbsp;<\/p>\n<p>&nbsp;<\/p>\n<p><span style=\"font-weight: 400;\">Considerada pela Organiza\u00e7\u00e3o Mundial de Sa\u00fade como a forma mais presente de agress\u00e3o \u00e0 mulher, a viol\u00eancia psicol\u00f3gica \u00e9 tamb\u00e9m uma grave viola\u00e7\u00e3o de direitos, e produz reflexos diretos na sa\u00fade mental e f\u00edsica de mulheres. Clique abaixo para ouvir a mat\u00e9ria\u2026<\/span><\/p>\n<p>&nbsp;<\/p>\n<p>&nbsp;<\/p>\n<audio class=\"wp-audio-shortcode\" id=\"audio-31291-1\" preload=\"none\" style=\"width: 100%;\" controls=\"controls\"><source type=\"audio\/mpeg\" src=\"https:\/\/www.radio94fm.net\/site\/wp-content\/uploads\/2019\/10\/FPD-VIOLENCIA-PSICOLOGICA-08-10-19-Pedro.mp3?_=1\" \/><a href=\"https:\/\/www.radio94fm.net\/site\/wp-content\/uploads\/2019\/10\/FPD-VIOLENCIA-PSICOLOGICA-08-10-19-Pedro.mp3\">https:\/\/www.radio94fm.net\/site\/wp-content\/uploads\/2019\/10\/FPD-VIOLENCIA-PSICOLOGICA-08-10-19-Pedro.mp3<\/a><\/audio>\n<p>&nbsp;<\/p>\n<p>&nbsp;<\/p>\n<p>&nbsp;<\/p>\n<p>&nbsp;<\/p>\n<p><img loading=\"lazy\" decoding=\"async\" title=\"\" src=\"https:\/\/www.radio94fm.net\/site\/wp-content\/uploads\/2017\/05\/FIQUE-POR-DENTRO-HORARIO-6-1.gif\" alt=\"\" width=\"604\" height=\"144\"><\/p>\n","protected":false},"excerpt":{"rendered":"<p>&nbsp; &nbsp; &nbsp; Considerada pela Organiza\u00e7\u00e3o Mundial de Sa\u00fade como a forma mais presente de agress\u00e3o \u00e0 mulher, a viol\u00eancia psicol\u00f3gica \u00e9 tamb\u00e9m uma grave viola\u00e7\u00e3o de direitos, e produz reflexos diretos na sa\u00fade mental e f\u00edsica de mulheres. Clique abaixo para ouvir a mat\u00e9ria\u2026 &nbsp; &nbsp; &nbsp; &nbsp; &nbsp; &nbsp;<\/p>\n","protected":false},"author":1,"featured_media":31293,"comment_status":"open","ping_status":"closed","sticky":false,"template":"","format":"standard","meta":{"ngg_post_thumbnail":0,"footnotes":""},"categories":[54],"tags":[],"class_list":["post-31291","post","type-post","status-publish","format-standard","has-post-thumbnail","hentry","category-fique-por-dentro","have-post-thumb"],"_links":{"self":[{"href":"https:\/\/radio94fm.net\/site\/wp-json\/wp\/v2\/posts\/31291","targetHints":{"allow":["GET"]}}],"collection":[{"href":"https:\/\/radio94fm.net\/site\/wp-json\/wp\/v2\/posts"}],"about":[{"href":"https:\/\/radio94fm.net\/site\/wp-json\/wp\/v2\/types\/post"}],"author":[{"embeddable":true,"href":"https:\/\/radio94fm.net\/site\/wp-json\/wp\/v2\/users\/1"}],"replies":[{"embeddable":true,"href":"https:\/\/radio94fm.net\/site\/wp-json\/wp\/v2\/comments?post=31291"}],"version-history":[{"count":0,"href":"https:\/\/radio94fm.net\/site\/wp-json\/wp\/v2\/posts\/31291\/revisions"}],"wp:attachment":[{"href":"https:\/\/radio94fm.net\/site\/wp-json\/wp\/v2\/media?parent=31291"}],"wp:term":[{"taxonomy":"category","embeddable":true,"href":"https:\/\/radio94fm.net\/site\/wp-json\/wp\/v2\/categories?post=31291"},{"taxonomy":"post_tag","embeddable":true,"href":"https:\/\/radio94fm.net\/site\/wp-json\/wp\/v2\/tags?post=31291"}],"curies":[{"name":"wp","href":"https:\/\/api.w.org\/{rel}","templated":true}]}}