{"id":31205,"date":"2019-09-27T14:31:42","date_gmt":"2019-09-27T17:31:42","guid":{"rendered":"http:\/\/www.radio94fm.net\/site\/?p=31205"},"modified":"2019-09-27T14:31:42","modified_gmt":"2019-09-27T17:31:42","slug":"manha-de-lazer-do-lar-e-vida-sera-realizado-neste-sabado","status":"publish","type":"post","link":"https:\/\/radio94fm.net\/site\/manha-de-lazer-do-lar-e-vida-sera-realizado-neste-sabado\/","title":{"rendered":"Manh\u00e3 de Lazer do Lar e Vida ser\u00e1 realizado neste s\u00e1bado"},"content":{"rendered":"<p><img decoding=\"async\" src=\"https:\/\/www.radio94fm.net\/site\/wp-content\/uploads\/2016\/12\/FIQUE-POR-DENTRO-BANNER-DENTRO-2.gif\"><\/p>\n<p>&nbsp;<\/p>\n<p>&nbsp;<\/p>\n<p>&nbsp;<\/p>\n<p><span style=\"font-weight: 400;\">O Lar Esperan\u00e7a e Vida Mateus Loureiro Ticle promover\u00e1 no pr\u00f3ximo s\u00e1bado, dia 28, na Pra\u00e7a Dr\u00ba Augusto Silva, a \u201cManh\u00e3 de Lazer do Lar e Vida\u201d. O evento faz parte das a\u00e7\u00f5es do &#8220;Setembro Dourado&#8221;, campanha nacional para conscientiza\u00e7\u00e3o da popula\u00e7\u00e3o sobre o c\u00e2ncer infanto-juvenil. Clique abaixo para ouvir a mat\u00e9ria\u2026<\/span><\/p>\n<p>&nbsp;<\/p>\n<p>&nbsp;<\/p>\n<p>&nbsp;<\/p>\n<p>&nbsp;<\/p>\n<audio class=\"wp-audio-shortcode\" id=\"audio-31205-1\" preload=\"none\" style=\"width: 100%;\" controls=\"controls\"><source type=\"audio\/mpeg\" src=\"https:\/\/www.radio94fm.net\/site\/wp-content\/uploads\/2019\/09\/FPD-LAR-E-VIDA-MANHA-DE-LAZER-23-09-19-Pedro.mp3?_=1\" \/><a href=\"https:\/\/www.radio94fm.net\/site\/wp-content\/uploads\/2019\/09\/FPD-LAR-E-VIDA-MANHA-DE-LAZER-23-09-19-Pedro.mp3\">https:\/\/www.radio94fm.net\/site\/wp-content\/uploads\/2019\/09\/FPD-LAR-E-VIDA-MANHA-DE-LAZER-23-09-19-Pedro.mp3<\/a><\/audio>\n<p>&nbsp;<\/p>\n<p>&nbsp;<\/p>\n<p>&nbsp;<\/p>\n<p>&nbsp;<\/p>\n<p><img loading=\"lazy\" decoding=\"async\" title=\"\" src=\"https:\/\/www.radio94fm.net\/site\/wp-content\/uploads\/2017\/05\/FIQUE-POR-DENTRO-HORARIO-6-1.gif\" alt=\"\" width=\"604\" height=\"144\"><\/p>\n","protected":false},"excerpt":{"rendered":"<p>&nbsp; &nbsp; &nbsp; O Lar Esperan\u00e7a e Vida Mateus Loureiro Ticle promover\u00e1 no pr\u00f3ximo s\u00e1bado, dia 28, na Pra\u00e7a Dr\u00ba Augusto Silva, a \u201cManh\u00e3 de Lazer do Lar e Vida\u201d. O evento faz parte das a\u00e7\u00f5es do &#8220;Setembro Dourado&#8221;, campanha nacional para conscientiza\u00e7\u00e3o da popula\u00e7\u00e3o sobre o c\u00e2ncer infanto-juvenil. Clique abaixo para ouvir a mat\u00e9ria\u2026&#8230;<\/p>\n","protected":false},"author":1,"featured_media":29115,"comment_status":"open","ping_status":"closed","sticky":false,"template":"","format":"standard","meta":{"ngg_post_thumbnail":0,"footnotes":""},"categories":[54],"tags":[],"class_list":["post-31205","post","type-post","status-publish","format-standard","has-post-thumbnail","hentry","category-fique-por-dentro","have-post-thumb"],"_links":{"self":[{"href":"https:\/\/radio94fm.net\/site\/wp-json\/wp\/v2\/posts\/31205","targetHints":{"allow":["GET"]}}],"collection":[{"href":"https:\/\/radio94fm.net\/site\/wp-json\/wp\/v2\/posts"}],"about":[{"href":"https:\/\/radio94fm.net\/site\/wp-json\/wp\/v2\/types\/post"}],"author":[{"embeddable":true,"href":"https:\/\/radio94fm.net\/site\/wp-json\/wp\/v2\/users\/1"}],"replies":[{"embeddable":true,"href":"https:\/\/radio94fm.net\/site\/wp-json\/wp\/v2\/comments?post=31205"}],"version-history":[{"count":0,"href":"https:\/\/radio94fm.net\/site\/wp-json\/wp\/v2\/posts\/31205\/revisions"}],"wp:attachment":[{"href":"https:\/\/radio94fm.net\/site\/wp-json\/wp\/v2\/media?parent=31205"}],"wp:term":[{"taxonomy":"category","embeddable":true,"href":"https:\/\/radio94fm.net\/site\/wp-json\/wp\/v2\/categories?post=31205"},{"taxonomy":"post_tag","embeddable":true,"href":"https:\/\/radio94fm.net\/site\/wp-json\/wp\/v2\/tags?post=31205"}],"curies":[{"name":"wp","href":"https:\/\/api.w.org\/{rel}","templated":true}]}}