{"id":31181,"date":"2019-09-19T16:28:25","date_gmt":"2019-09-19T19:28:25","guid":{"rendered":"http:\/\/www.radio94fm.net\/site\/?p=31181"},"modified":"2019-09-19T16:28:25","modified_gmt":"2019-09-19T19:28:25","slug":"projeto-social-promove-ensino-gratuito-do-jiu-jitsu-em-lavras","status":"publish","type":"post","link":"https:\/\/radio94fm.net\/site\/projeto-social-promove-ensino-gratuito-do-jiu-jitsu-em-lavras\/","title":{"rendered":"Projeto social promove ensino gratuito do Jiu-Jitsu em Lavras"},"content":{"rendered":"<p><img decoding=\"async\" src=\"https:\/\/www.radio94fm.net\/site\/wp-content\/uploads\/2016\/12\/FIQUE-POR-DENTRO-BANNER-DENTRO-2.gif\"><\/p>\n<p>&nbsp;<\/p>\n<p>&nbsp;<\/p>\n<p>&nbsp;<\/p>\n<p><span style=\"font-weight: 400;\">O lutador lavrense, M\u00e1rcio Tiririca, que no \u00faltimo m\u00eas se tornou campe\u00e3o mundial de Jiu-Jitsu, mant\u00e9m em Lavras um projeto social para ensino gratuito da arte marcial, \u00e9 o \u201cVale Jitsu\u201d, que acontece nas depend\u00eancias da igreja evang\u00e9lica Vale das Ben\u00e7\u00e3os Church. Clique abaixo para ouvir a mat\u00e9ria\u2026<\/span><\/p>\n<p>&nbsp;<\/p>\n<p>&nbsp;<\/p>\n<p>&nbsp;<\/p>\n<p>&nbsp;<\/p>\n<audio class=\"wp-audio-shortcode\" id=\"audio-31181-1\" preload=\"none\" style=\"width: 100%;\" controls=\"controls\"><source type=\"audio\/mpeg\" src=\"https:\/\/www.radio94fm.net\/site\/wp-content\/uploads\/2019\/09\/FPD-PROJETO-ENSINO-GRATUITO-DE-JIU-JITSU-16-09-19-Pedro.mp3?_=1\" \/><a href=\"https:\/\/www.radio94fm.net\/site\/wp-content\/uploads\/2019\/09\/FPD-PROJETO-ENSINO-GRATUITO-DE-JIU-JITSU-16-09-19-Pedro.mp3\">https:\/\/www.radio94fm.net\/site\/wp-content\/uploads\/2019\/09\/FPD-PROJETO-ENSINO-GRATUITO-DE-JIU-JITSU-16-09-19-Pedro.mp3<\/a><\/audio>\n<p>&nbsp;<\/p>\n<p>&nbsp;<\/p>\n<p>&nbsp;<\/p>\n<p><img loading=\"lazy\" decoding=\"async\" title=\"\" src=\"https:\/\/www.radio94fm.net\/site\/wp-content\/uploads\/2017\/05\/FIQUE-POR-DENTRO-HORARIO-6-1.gif\" alt=\"\" width=\"604\" height=\"144\"><\/p>\n","protected":false},"excerpt":{"rendered":"<p>&nbsp; &nbsp; &nbsp; O lutador lavrense, M\u00e1rcio Tiririca, que no \u00faltimo m\u00eas se tornou campe\u00e3o mundial de Jiu-Jitsu, mant\u00e9m em Lavras um projeto social para ensino gratuito da arte marcial, \u00e9 o \u201cVale Jitsu\u201d, que acontece nas depend\u00eancias da igreja evang\u00e9lica Vale das Ben\u00e7\u00e3os Church. Clique abaixo para ouvir a mat\u00e9ria\u2026 &nbsp; &nbsp; &nbsp; &nbsp;&#8230;<\/p>\n","protected":false},"author":1,"featured_media":31184,"comment_status":"open","ping_status":"closed","sticky":false,"template":"","format":"standard","meta":{"ngg_post_thumbnail":0,"footnotes":""},"categories":[54],"tags":[],"class_list":["post-31181","post","type-post","status-publish","format-standard","has-post-thumbnail","hentry","category-fique-por-dentro","have-post-thumb"],"_links":{"self":[{"href":"https:\/\/radio94fm.net\/site\/wp-json\/wp\/v2\/posts\/31181","targetHints":{"allow":["GET"]}}],"collection":[{"href":"https:\/\/radio94fm.net\/site\/wp-json\/wp\/v2\/posts"}],"about":[{"href":"https:\/\/radio94fm.net\/site\/wp-json\/wp\/v2\/types\/post"}],"author":[{"embeddable":true,"href":"https:\/\/radio94fm.net\/site\/wp-json\/wp\/v2\/users\/1"}],"replies":[{"embeddable":true,"href":"https:\/\/radio94fm.net\/site\/wp-json\/wp\/v2\/comments?post=31181"}],"version-history":[{"count":0,"href":"https:\/\/radio94fm.net\/site\/wp-json\/wp\/v2\/posts\/31181\/revisions"}],"wp:attachment":[{"href":"https:\/\/radio94fm.net\/site\/wp-json\/wp\/v2\/media?parent=31181"}],"wp:term":[{"taxonomy":"category","embeddable":true,"href":"https:\/\/radio94fm.net\/site\/wp-json\/wp\/v2\/categories?post=31181"},{"taxonomy":"post_tag","embeddable":true,"href":"https:\/\/radio94fm.net\/site\/wp-json\/wp\/v2\/tags?post=31181"}],"curies":[{"name":"wp","href":"https:\/\/api.w.org\/{rel}","templated":true}]}}