{"id":31166,"date":"2019-09-11T16:13:44","date_gmt":"2019-09-11T19:13:44","guid":{"rendered":"http:\/\/www.radio94fm.net\/site\/?p=31166"},"modified":"2019-09-11T16:13:44","modified_gmt":"2019-09-11T19:13:44","slug":"caravana-do-ideas-for-milk-passara-pela-ufla-nesta-sexta-feira","status":"publish","type":"post","link":"https:\/\/radio94fm.net\/site\/caravana-do-ideas-for-milk-passara-pela-ufla-nesta-sexta-feira\/","title":{"rendered":"Caravana do Ideas for Milk passar\u00e1 pela UFLA nesta sexta-feira"},"content":{"rendered":"<p><img loading=\"lazy\" decoding=\"async\" title=\"\" src=\"https:\/\/www.radio94fm.net\/site\/wp-content\/uploads\/2016\/12\/FIQUE-POR-DENTRO-BANNER-DENTRO-2.gif\" alt=\"\" width=\"604\" height=\"80\"><\/p>\n<p>&nbsp;<\/p>\n<p>&nbsp;<\/p>\n<p>&nbsp;<\/p>\n<p>&nbsp;<\/p>\n<p><span style=\"font-weight: 400;\">Nesta sexta-feira, dia 13, a Universidade Federal de Lavras estar\u00e1 recebendo a Caravana 4.0 do Ideas for Milk, que \u00e9 uma competi\u00e7\u00e3o nacional entre empreendedores que possuem ideias inovadoras e tecnol\u00f3gicas para gerar novos neg\u00f3cios nas grandes \u00e1reas tem\u00e1ticas do mercado do leite. Clique abaixo para ouvir a mat\u00e9ria\u2026<\/span><\/p>\n<p>&nbsp;<\/p>\n<p>&nbsp;<\/p>\n<p>&nbsp;<\/p>\n<p>&nbsp;<\/p>\n<audio class=\"wp-audio-shortcode\" id=\"audio-31166-1\" preload=\"none\" style=\"width: 100%;\" controls=\"controls\"><source type=\"audio\/mpeg\" src=\"https:\/\/www.radio94fm.net\/site\/wp-content\/uploads\/2019\/09\/FPD-CARAVANA-IDEAS-FOR-MILK-10-09-19-Pedro.mp3?_=1\" \/><a href=\"https:\/\/www.radio94fm.net\/site\/wp-content\/uploads\/2019\/09\/FPD-CARAVANA-IDEAS-FOR-MILK-10-09-19-Pedro.mp3\">https:\/\/www.radio94fm.net\/site\/wp-content\/uploads\/2019\/09\/FPD-CARAVANA-IDEAS-FOR-MILK-10-09-19-Pedro.mp3<\/a><\/audio>\n<p>&nbsp;<\/p>\n<p>&nbsp;<\/p>\n<p>&nbsp;<\/p>\n<p><img loading=\"lazy\" decoding=\"async\" title=\"\" src=\"https:\/\/www.radio94fm.net\/site\/wp-content\/uploads\/2017\/05\/FIQUE-POR-DENTRO-HORARIO-6-1.gif\" alt=\"\" width=\"604\" height=\"144\"><\/p>\n","protected":false},"excerpt":{"rendered":"<p>&nbsp; &nbsp; &nbsp; &nbsp; Nesta sexta-feira, dia 13, a Universidade Federal de Lavras estar\u00e1 recebendo a Caravana 4.0 do Ideas for Milk, que \u00e9 uma competi\u00e7\u00e3o nacional entre empreendedores que possuem ideias inovadoras e tecnol\u00f3gicas para gerar novos neg\u00f3cios nas grandes \u00e1reas tem\u00e1ticas do mercado do leite. Clique abaixo para ouvir a mat\u00e9ria\u2026 &nbsp; &nbsp;&#8230;<\/p>\n","protected":false},"author":1,"featured_media":31168,"comment_status":"open","ping_status":"closed","sticky":false,"template":"","format":"standard","meta":{"ngg_post_thumbnail":0,"footnotes":""},"categories":[54],"tags":[],"class_list":["post-31166","post","type-post","status-publish","format-standard","has-post-thumbnail","hentry","category-fique-por-dentro","have-post-thumb"],"_links":{"self":[{"href":"https:\/\/radio94fm.net\/site\/wp-json\/wp\/v2\/posts\/31166","targetHints":{"allow":["GET"]}}],"collection":[{"href":"https:\/\/radio94fm.net\/site\/wp-json\/wp\/v2\/posts"}],"about":[{"href":"https:\/\/radio94fm.net\/site\/wp-json\/wp\/v2\/types\/post"}],"author":[{"embeddable":true,"href":"https:\/\/radio94fm.net\/site\/wp-json\/wp\/v2\/users\/1"}],"replies":[{"embeddable":true,"href":"https:\/\/radio94fm.net\/site\/wp-json\/wp\/v2\/comments?post=31166"}],"version-history":[{"count":0,"href":"https:\/\/radio94fm.net\/site\/wp-json\/wp\/v2\/posts\/31166\/revisions"}],"wp:attachment":[{"href":"https:\/\/radio94fm.net\/site\/wp-json\/wp\/v2\/media?parent=31166"}],"wp:term":[{"taxonomy":"category","embeddable":true,"href":"https:\/\/radio94fm.net\/site\/wp-json\/wp\/v2\/categories?post=31166"},{"taxonomy":"post_tag","embeddable":true,"href":"https:\/\/radio94fm.net\/site\/wp-json\/wp\/v2\/tags?post=31166"}],"curies":[{"name":"wp","href":"https:\/\/api.w.org\/{rel}","templated":true}]}}