{"id":31162,"date":"2019-09-11T16:01:34","date_gmt":"2019-09-11T19:01:34","guid":{"rendered":"http:\/\/www.radio94fm.net\/site\/?p=31162"},"modified":"2019-09-11T16:01:34","modified_gmt":"2019-09-11T19:01:34","slug":"ex-prefeito-joao-batista-soares-fala-sobre-sua-epoca-de-aluno-da-esal","status":"publish","type":"post","link":"https:\/\/radio94fm.net\/site\/ex-prefeito-joao-batista-soares-fala-sobre-sua-epoca-de-aluno-da-esal\/","title":{"rendered":"Ex-Prefeito, Jo\u00e3o Batista Soares, fala sobre sua \u00e9poca de aluno da Esal"},"content":{"rendered":"<p><img decoding=\"async\" src=\"https:\/\/www.radio94fm.net\/site\/wp-content\/uploads\/2016\/12\/FIQUE-POR-DENTRO-BANNER-DENTRO-2.gif\"><\/p>\n<p>&nbsp;<\/p>\n<p>&nbsp;<\/p>\n<p><span style=\"font-weight: 400;\">Jo\u00e3o Batista Soares, al\u00e9m de ter se tornado Professor de Fertilidade do Solo, Chefe do Departamento de Ci\u00eancias do Solo e Presidente do Diret\u00f3rio Acad\u00eamico da Esal, tamb\u00e9m foi Vice Prefeito e por duas vezes, o Prefeito de Lavras. Clique abaixo para ouvir a mat\u00e9ria\u2026<\/span><\/p>\n<p>&nbsp;<\/p>\n<p>&nbsp;<\/p>\n<audio class=\"wp-audio-shortcode\" id=\"audio-31162-1\" preload=\"none\" style=\"width: 100%;\" controls=\"controls\"><source type=\"audio\/mpeg\" src=\"https:\/\/www.radio94fm.net\/site\/wp-content\/uploads\/2019\/09\/FPD-JOAO-BATISTA-FALA-SOBRE-A-ESAL-09-09-19-Pedro.mp3?_=1\" \/><a href=\"https:\/\/www.radio94fm.net\/site\/wp-content\/uploads\/2019\/09\/FPD-JOAO-BATISTA-FALA-SOBRE-A-ESAL-09-09-19-Pedro.mp3\">https:\/\/www.radio94fm.net\/site\/wp-content\/uploads\/2019\/09\/FPD-JOAO-BATISTA-FALA-SOBRE-A-ESAL-09-09-19-Pedro.mp3<\/a><\/audio>\n<p>&nbsp;<\/p>\n<p>&nbsp;<\/p>\n<p>&nbsp;<\/p>\n<p>&nbsp;<\/p>\n<p><img loading=\"lazy\" decoding=\"async\" title=\"\" src=\"https:\/\/www.radio94fm.net\/site\/wp-content\/uploads\/2017\/05\/FIQUE-POR-DENTRO-HORARIO-6-1.gif\" alt=\"\" width=\"604\" height=\"144\"><\/p>\n","protected":false},"excerpt":{"rendered":"<p>&nbsp; &nbsp; Jo\u00e3o Batista Soares, al\u00e9m de ter se tornado Professor de Fertilidade do Solo, Chefe do Departamento de Ci\u00eancias do Solo e Presidente do Diret\u00f3rio Acad\u00eamico da Esal, tamb\u00e9m foi Vice Prefeito e por duas vezes, o Prefeito de Lavras. Clique abaixo para ouvir a mat\u00e9ria\u2026 &nbsp; &nbsp; &nbsp; &nbsp; &nbsp; &nbsp;<\/p>\n","protected":false},"author":1,"featured_media":31164,"comment_status":"open","ping_status":"closed","sticky":false,"template":"","format":"standard","meta":{"ngg_post_thumbnail":0,"footnotes":""},"categories":[54],"tags":[],"class_list":["post-31162","post","type-post","status-publish","format-standard","has-post-thumbnail","hentry","category-fique-por-dentro","have-post-thumb"],"_links":{"self":[{"href":"https:\/\/radio94fm.net\/site\/wp-json\/wp\/v2\/posts\/31162","targetHints":{"allow":["GET"]}}],"collection":[{"href":"https:\/\/radio94fm.net\/site\/wp-json\/wp\/v2\/posts"}],"about":[{"href":"https:\/\/radio94fm.net\/site\/wp-json\/wp\/v2\/types\/post"}],"author":[{"embeddable":true,"href":"https:\/\/radio94fm.net\/site\/wp-json\/wp\/v2\/users\/1"}],"replies":[{"embeddable":true,"href":"https:\/\/radio94fm.net\/site\/wp-json\/wp\/v2\/comments?post=31162"}],"version-history":[{"count":0,"href":"https:\/\/radio94fm.net\/site\/wp-json\/wp\/v2\/posts\/31162\/revisions"}],"wp:attachment":[{"href":"https:\/\/radio94fm.net\/site\/wp-json\/wp\/v2\/media?parent=31162"}],"wp:term":[{"taxonomy":"category","embeddable":true,"href":"https:\/\/radio94fm.net\/site\/wp-json\/wp\/v2\/categories?post=31162"},{"taxonomy":"post_tag","embeddable":true,"href":"https:\/\/radio94fm.net\/site\/wp-json\/wp\/v2\/tags?post=31162"}],"curies":[{"name":"wp","href":"https:\/\/api.w.org\/{rel}","templated":true}]}}