{"id":31138,"date":"2019-09-11T15:49:38","date_gmt":"2019-09-11T18:49:38","guid":{"rendered":"http:\/\/www.radio94fm.net\/site\/?p=31138"},"modified":"2019-09-11T15:49:38","modified_gmt":"2019-09-11T18:49:38","slug":"exposicao-de-desenhos-e-fotos-de-chico-do-vale-esta-sendo-realizada-na-ufla","status":"publish","type":"post","link":"https:\/\/radio94fm.net\/site\/exposicao-de-desenhos-e-fotos-de-chico-do-vale-esta-sendo-realizada-na-ufla\/","title":{"rendered":"Exposi\u00e7\u00e3o de desenhos e fotos de Chico do Vale est\u00e1 sendo realizada na UFLA"},"content":{"rendered":"<p><img decoding=\"async\" src=\"https:\/\/www.radio94fm.net\/site\/wp-content\/uploads\/2016\/12\/FIQUE-POR-DENTRO-BANNER-DENTRO-2.gif\"><\/p>\n<p>&nbsp;<\/p>\n<p>&nbsp;<\/p>\n<p>&nbsp;<\/p>\n<p><span style=\"font-weight: 400;\">Na \u00faltima segunda-feira, dia 2, foi lan\u00e7ada a exposi\u00e7\u00e3o de desenhos e fotos \u201cRealismo da Vida\u201d, do artista e ex-aluno da ESAL, Chico do Vale. A exposi\u00e7\u00e3o, que acontece at\u00e9 o dia 30 de setembro, estar\u00e1 exibindo retratos e oito desenhos em estilo realista. Clique abaixo para ouvir a mat\u00e9ria\u2026<\/span><\/p>\n<p>&nbsp;<\/p>\n<p>&nbsp;<\/p>\n<p>&nbsp;<\/p>\n<audio class=\"wp-audio-shortcode\" id=\"audio-31138-1\" preload=\"none\" style=\"width: 100%;\" controls=\"controls\"><source type=\"audio\/mpeg\" src=\"https:\/\/www.radio94fm.net\/site\/wp-content\/uploads\/2019\/09\/FPD-EXPOSICAO-CHICO-DO-VALE-NA-UFLA-03-09-19-Pedro.mp3?_=1\" \/><a href=\"https:\/\/www.radio94fm.net\/site\/wp-content\/uploads\/2019\/09\/FPD-EXPOSICAO-CHICO-DO-VALE-NA-UFLA-03-09-19-Pedro.mp3\">https:\/\/www.radio94fm.net\/site\/wp-content\/uploads\/2019\/09\/FPD-EXPOSICAO-CHICO-DO-VALE-NA-UFLA-03-09-19-Pedro.mp3<\/a><\/audio>\n<p>&nbsp;<\/p>\n<p>&nbsp;<\/p>\n<p>&nbsp;<\/p>\n<p>&nbsp;<\/p>\n<p><img loading=\"lazy\" decoding=\"async\" title=\"\" src=\"https:\/\/www.radio94fm.net\/site\/wp-content\/uploads\/2017\/05\/FIQUE-POR-DENTRO-HORARIO-6-1.gif\" alt=\"\" width=\"604\" height=\"144\"><\/p>\n","protected":false},"excerpt":{"rendered":"<p>&nbsp; &nbsp; &nbsp; Na \u00faltima segunda-feira, dia 2, foi lan\u00e7ada a exposi\u00e7\u00e3o de desenhos e fotos \u201cRealismo da Vida\u201d, do artista e ex-aluno da ESAL, Chico do Vale. A exposi\u00e7\u00e3o, que acontece at\u00e9 o dia 30 de setembro, estar\u00e1 exibindo retratos e oito desenhos em estilo realista. Clique abaixo para ouvir a mat\u00e9ria\u2026 &nbsp; &nbsp;&#8230;<\/p>\n","protected":false},"author":1,"featured_media":31140,"comment_status":"open","ping_status":"closed","sticky":false,"template":"","format":"standard","meta":{"ngg_post_thumbnail":0,"footnotes":""},"categories":[54],"tags":[],"class_list":["post-31138","post","type-post","status-publish","format-standard","has-post-thumbnail","hentry","category-fique-por-dentro","have-post-thumb"],"_links":{"self":[{"href":"https:\/\/radio94fm.net\/site\/wp-json\/wp\/v2\/posts\/31138","targetHints":{"allow":["GET"]}}],"collection":[{"href":"https:\/\/radio94fm.net\/site\/wp-json\/wp\/v2\/posts"}],"about":[{"href":"https:\/\/radio94fm.net\/site\/wp-json\/wp\/v2\/types\/post"}],"author":[{"embeddable":true,"href":"https:\/\/radio94fm.net\/site\/wp-json\/wp\/v2\/users\/1"}],"replies":[{"embeddable":true,"href":"https:\/\/radio94fm.net\/site\/wp-json\/wp\/v2\/comments?post=31138"}],"version-history":[{"count":0,"href":"https:\/\/radio94fm.net\/site\/wp-json\/wp\/v2\/posts\/31138\/revisions"}],"wp:attachment":[{"href":"https:\/\/radio94fm.net\/site\/wp-json\/wp\/v2\/media?parent=31138"}],"wp:term":[{"taxonomy":"category","embeddable":true,"href":"https:\/\/radio94fm.net\/site\/wp-json\/wp\/v2\/categories?post=31138"},{"taxonomy":"post_tag","embeddable":true,"href":"https:\/\/radio94fm.net\/site\/wp-json\/wp\/v2\/tags?post=31138"}],"curies":[{"name":"wp","href":"https:\/\/api.w.org\/{rel}","templated":true}]}}