{"id":31106,"date":"2019-08-30T14:40:20","date_gmt":"2019-08-30T17:40:20","guid":{"rendered":"http:\/\/www.radio94fm.net\/site\/?p=31106"},"modified":"2019-08-30T14:40:20","modified_gmt":"2019-08-30T17:40:20","slug":"espaco-maker-e-inaugurado-no-unilavras","status":"publish","type":"post","link":"https:\/\/radio94fm.net\/site\/espaco-maker-e-inaugurado-no-unilavras\/","title":{"rendered":"Espa\u00e7o Maker \u00e9 inaugurado no Unilavras"},"content":{"rendered":"<p><img decoding=\"async\" src=\"https:\/\/www.radio94fm.net\/site\/wp-content\/uploads\/2016\/12\/FIQUE-POR-DENTRO-BANNER-DENTRO-2.gif\"><\/p>\n<p>&nbsp;<\/p>\n<p>&nbsp;<\/p>\n<p>&nbsp;<\/p>\n<p>&nbsp;<a href=\"https:\/\/www.radio94fm.net\/site\/wp-content\/uploads\/2019\/08\/IMG_9856.jpg\"><img loading=\"lazy\" decoding=\"async\" class=\"alignnone wp-image-31109 size-promocoes\" src=\"https:\/\/www.radio94fm.net\/site\/wp-content\/uploads\/2019\/08\/IMG_9856-640x215.jpg\" alt=\"\" width=\"640\" height=\"215\"><\/a><\/p>\n<p>&nbsp;<\/p>\n<p><span style=\"font-weight: 400;\">O Centro Universit\u00e1rio de Lavras (Unilavras), inaugurou na noite de ontem, o seu novo Espa\u00e7o Maker. Os convidados participaram da abertura do evento no audit\u00f3rio do Unilavras, e foram encaminhados para visita\u00e7\u00e3o do novo espa\u00e7o em funcionamento.&nbsp; Clique e confira a mat\u00e9ria:<\/span><\/p>\n<p>&nbsp;<\/p>\n<p>&nbsp;<\/p>\n<p>&nbsp;<\/p>\n<audio class=\"wp-audio-shortcode\" id=\"audio-31106-1\" preload=\"none\" style=\"width: 100%;\" controls=\"controls\"><source type=\"audio\/mpeg\" src=\"https:\/\/www.radio94fm.net\/site\/wp-content\/uploads\/2019\/08\/FPD-UNILAVRAS-ESPACO-MAKER-29-08-19-Adelina.mp3?_=1\" \/><a href=\"https:\/\/www.radio94fm.net\/site\/wp-content\/uploads\/2019\/08\/FPD-UNILAVRAS-ESPACO-MAKER-29-08-19-Adelina.mp3\">https:\/\/www.radio94fm.net\/site\/wp-content\/uploads\/2019\/08\/FPD-UNILAVRAS-ESPACO-MAKER-29-08-19-Adelina.mp3<\/a><\/audio>\n<p>&nbsp;<\/p>\n<p>&nbsp;<\/p>\n<p>&nbsp;<\/p>\n<p>&nbsp;<\/p>\n<p><img loading=\"lazy\" decoding=\"async\" title=\"\" src=\"https:\/\/www.radio94fm.net\/site\/wp-content\/uploads\/2017\/05\/FIQUE-POR-DENTRO-HORARIO-6-1.gif\" alt=\"\" width=\"604\" height=\"144\"><\/p>\n","protected":false},"excerpt":{"rendered":"<p>&nbsp; &nbsp; &nbsp; &nbsp; &nbsp; O Centro Universit\u00e1rio de Lavras (Unilavras), inaugurou na noite de ontem, o seu novo Espa\u00e7o Maker. Os convidados participaram da abertura do evento no audit\u00f3rio do Unilavras, e foram encaminhados para visita\u00e7\u00e3o do novo espa\u00e7o em funcionamento.&nbsp; Clique e confira a mat\u00e9ria: &nbsp; &nbsp; &nbsp; &nbsp; &nbsp; &nbsp; &nbsp;<\/p>\n","protected":false},"author":1,"featured_media":31108,"comment_status":"open","ping_status":"closed","sticky":false,"template":"","format":"standard","meta":{"ngg_post_thumbnail":0,"footnotes":""},"categories":[54],"tags":[],"class_list":["post-31106","post","type-post","status-publish","format-standard","has-post-thumbnail","hentry","category-fique-por-dentro","have-post-thumb"],"_links":{"self":[{"href":"https:\/\/radio94fm.net\/site\/wp-json\/wp\/v2\/posts\/31106","targetHints":{"allow":["GET"]}}],"collection":[{"href":"https:\/\/radio94fm.net\/site\/wp-json\/wp\/v2\/posts"}],"about":[{"href":"https:\/\/radio94fm.net\/site\/wp-json\/wp\/v2\/types\/post"}],"author":[{"embeddable":true,"href":"https:\/\/radio94fm.net\/site\/wp-json\/wp\/v2\/users\/1"}],"replies":[{"embeddable":true,"href":"https:\/\/radio94fm.net\/site\/wp-json\/wp\/v2\/comments?post=31106"}],"version-history":[{"count":0,"href":"https:\/\/radio94fm.net\/site\/wp-json\/wp\/v2\/posts\/31106\/revisions"}],"wp:attachment":[{"href":"https:\/\/radio94fm.net\/site\/wp-json\/wp\/v2\/media?parent=31106"}],"wp:term":[{"taxonomy":"category","embeddable":true,"href":"https:\/\/radio94fm.net\/site\/wp-json\/wp\/v2\/categories?post=31106"},{"taxonomy":"post_tag","embeddable":true,"href":"https:\/\/radio94fm.net\/site\/wp-json\/wp\/v2\/tags?post=31106"}],"curies":[{"name":"wp","href":"https:\/\/api.w.org\/{rel}","templated":true}]}}