{"id":31074,"date":"2019-08-30T14:21:08","date_gmt":"2019-08-30T17:21:08","guid":{"rendered":"http:\/\/www.radio94fm.net\/site\/?p=31074"},"modified":"2019-08-30T14:21:08","modified_gmt":"2019-08-30T17:21:08","slug":"atletas-de-lavras-brilham-no-campeonato-mineiro-de-atletismo-universitario","status":"publish","type":"post","link":"https:\/\/radio94fm.net\/site\/atletas-de-lavras-brilham-no-campeonato-mineiro-de-atletismo-universitario\/","title":{"rendered":"Atletas de Lavras brilham no Campeonato Mineiro de Atletismo Universit\u00e1rio"},"content":{"rendered":"<p><img decoding=\"async\" src=\"https:\/\/www.radio94fm.net\/site\/wp-content\/uploads\/2016\/12\/FIQUE-POR-DENTRO-BANNER-DENTRO-2.gif\"><\/p>\n<p>&nbsp;<\/p>\n<p>&nbsp;<\/p>\n<p><span style=\"font-weight: 400;\">A equipe de atletas do \u201cProjeto Cria Lavras\u201d da Universidade Federal de Lavras, composta por 15 estudantes, foi heptacampe\u00e3 no Campeonato Mineiro de Atletismo Universit\u00e1rio. O evento foi realizado em Governador Valadares no dia 3 de agosto. Clique abaixo para ouvir a mat\u00e9ria\u2026<\/span><\/p>\n<p>&nbsp;<\/p>\n<p>&nbsp;<\/p>\n<p>&nbsp;<\/p>\n<audio class=\"wp-audio-shortcode\" id=\"audio-31074-1\" preload=\"none\" style=\"width: 100%;\" controls=\"controls\"><source type=\"audio\/mpeg\" src=\"https:\/\/www.radio94fm.net\/site\/wp-content\/uploads\/2019\/08\/FPD-ATLETAS-DE-LAVRAS-NO-CAMP-MINEIRO-27-08-19-Pedro.mp3?_=1\" \/><a href=\"https:\/\/www.radio94fm.net\/site\/wp-content\/uploads\/2019\/08\/FPD-ATLETAS-DE-LAVRAS-NO-CAMP-MINEIRO-27-08-19-Pedro.mp3\">https:\/\/www.radio94fm.net\/site\/wp-content\/uploads\/2019\/08\/FPD-ATLETAS-DE-LAVRAS-NO-CAMP-MINEIRO-27-08-19-Pedro.mp3<\/a><\/audio>\n<p>&nbsp;<\/p>\n<p>&nbsp;<\/p>\n<p>&nbsp;<\/p>\n<p>&nbsp;<\/p>\n<p><img loading=\"lazy\" decoding=\"async\" title=\"\" src=\"https:\/\/www.radio94fm.net\/site\/wp-content\/uploads\/2017\/05\/FIQUE-POR-DENTRO-HORARIO-6-1.gif\" alt=\"\" width=\"604\" height=\"144\"><\/p>\n","protected":false},"excerpt":{"rendered":"<p>&nbsp; &nbsp; A equipe de atletas do \u201cProjeto Cria Lavras\u201d da Universidade Federal de Lavras, composta por 15 estudantes, foi heptacampe\u00e3 no Campeonato Mineiro de Atletismo Universit\u00e1rio. O evento foi realizado em Governador Valadares no dia 3 de agosto. Clique abaixo para ouvir a mat\u00e9ria\u2026 &nbsp; &nbsp; &nbsp; &nbsp; &nbsp; &nbsp; &nbsp;<\/p>\n","protected":false},"author":1,"featured_media":31076,"comment_status":"open","ping_status":"closed","sticky":false,"template":"","format":"standard","meta":{"ngg_post_thumbnail":0,"footnotes":""},"categories":[54],"tags":[],"class_list":["post-31074","post","type-post","status-publish","format-standard","has-post-thumbnail","hentry","category-fique-por-dentro","have-post-thumb"],"_links":{"self":[{"href":"https:\/\/radio94fm.net\/site\/wp-json\/wp\/v2\/posts\/31074","targetHints":{"allow":["GET"]}}],"collection":[{"href":"https:\/\/radio94fm.net\/site\/wp-json\/wp\/v2\/posts"}],"about":[{"href":"https:\/\/radio94fm.net\/site\/wp-json\/wp\/v2\/types\/post"}],"author":[{"embeddable":true,"href":"https:\/\/radio94fm.net\/site\/wp-json\/wp\/v2\/users\/1"}],"replies":[{"embeddable":true,"href":"https:\/\/radio94fm.net\/site\/wp-json\/wp\/v2\/comments?post=31074"}],"version-history":[{"count":0,"href":"https:\/\/radio94fm.net\/site\/wp-json\/wp\/v2\/posts\/31074\/revisions"}],"wp:featuredmedia":[{"embeddable":true,"href":"https:\/\/radio94fm.net\/site\/wp-json\/"}],"wp:attachment":[{"href":"https:\/\/radio94fm.net\/site\/wp-json\/wp\/v2\/media?parent=31074"}],"wp:term":[{"taxonomy":"category","embeddable":true,"href":"https:\/\/radio94fm.net\/site\/wp-json\/wp\/v2\/categories?post=31074"},{"taxonomy":"post_tag","embeddable":true,"href":"https:\/\/radio94fm.net\/site\/wp-json\/wp\/v2\/tags?post=31074"}],"curies":[{"name":"wp","href":"https:\/\/api.w.org\/{rel}","templated":true}]}}