{"id":31046,"date":"2019-08-26T16:02:54","date_gmt":"2019-08-26T19:02:54","guid":{"rendered":"http:\/\/www.radio94fm.net\/site\/?p=31046"},"modified":"2019-08-26T16:02:54","modified_gmt":"2019-08-26T19:02:54","slug":"lavras-volei-estreia-no-dia-4-de-setembro-pelo-campeonato-mineiro","status":"publish","type":"post","link":"https:\/\/radio94fm.net\/site\/lavras-volei-estreia-no-dia-4-de-setembro-pelo-campeonato-mineiro\/","title":{"rendered":"Lavras V\u00f4lei estreia no dia 4 de setembro pelo Campeonato Mineiro"},"content":{"rendered":"<p><img decoding=\"async\" src=\"https:\/\/www.radio94fm.net\/site\/wp-content\/uploads\/2016\/12\/FIQUE-POR-DENTRO-BANNER-DENTRO-2.gif\"><\/p>\n<p>&nbsp;<\/p>\n<p>&nbsp;<\/p>\n<p>&nbsp;<\/p>\n<p><span style=\"font-weight: 400;\">O Lavras V\u00f4lei deve voltar com tudo nesta pr\u00e9-temporada, que antecede a Superliga B, j\u00e1 de olho nos seus primeiros advers\u00e1rios pelo Campeonato Mineiro 2019. A equipe vai estrear na competi\u00e7\u00e3o no dia 04 de setembro, em Uberl\u00e2ndia, enfrentando o time da casa. Clique e confira a mat\u00e9ria:<\/span><\/p>\n<p>&nbsp;<\/p>\n<p>&nbsp;<\/p>\n<p>&nbsp;<\/p>\n<audio class=\"wp-audio-shortcode\" id=\"audio-31046-1\" preload=\"none\" style=\"width: 100%;\" controls=\"controls\"><source type=\"audio\/mpeg\" src=\"https:\/\/www.radio94fm.net\/site\/wp-content\/uploads\/2019\/08\/FPD-LAVRAS-VOLEI-ESTREIA-EM-SETEMBRO-23-08-19-Adelina.mp3?_=1\" \/><a href=\"https:\/\/www.radio94fm.net\/site\/wp-content\/uploads\/2019\/08\/FPD-LAVRAS-VOLEI-ESTREIA-EM-SETEMBRO-23-08-19-Adelina.mp3\">https:\/\/www.radio94fm.net\/site\/wp-content\/uploads\/2019\/08\/FPD-LAVRAS-VOLEI-ESTREIA-EM-SETEMBRO-23-08-19-Adelina.mp3<\/a><\/audio>\n<p>&nbsp;<\/p>\n<p>&nbsp;<\/p>\n<p>&nbsp;<\/p>\n<p>&nbsp;<\/p>\n<p><img loading=\"lazy\" decoding=\"async\" title=\"\" src=\"https:\/\/www.radio94fm.net\/site\/wp-content\/uploads\/2017\/05\/FIQUE-POR-DENTRO-HORARIO-6-1.gif\" alt=\"\" width=\"604\" height=\"144\"><\/p>\n","protected":false},"excerpt":{"rendered":"<p>&nbsp; &nbsp; &nbsp; O Lavras V\u00f4lei deve voltar com tudo nesta pr\u00e9-temporada, que antecede a Superliga B, j\u00e1 de olho nos seus primeiros advers\u00e1rios pelo Campeonato Mineiro 2019. A equipe vai estrear na competi\u00e7\u00e3o no dia 04 de setembro, em Uberl\u00e2ndia, enfrentando o time da casa. Clique e confira a mat\u00e9ria: &nbsp; &nbsp; &nbsp; &nbsp;&#8230;<\/p>\n","protected":false},"author":1,"featured_media":31048,"comment_status":"open","ping_status":"closed","sticky":false,"template":"","format":"standard","meta":{"ngg_post_thumbnail":0,"footnotes":""},"categories":[54],"tags":[],"class_list":["post-31046","post","type-post","status-publish","format-standard","has-post-thumbnail","hentry","category-fique-por-dentro","have-post-thumb"],"_links":{"self":[{"href":"https:\/\/radio94fm.net\/site\/wp-json\/wp\/v2\/posts\/31046","targetHints":{"allow":["GET"]}}],"collection":[{"href":"https:\/\/radio94fm.net\/site\/wp-json\/wp\/v2\/posts"}],"about":[{"href":"https:\/\/radio94fm.net\/site\/wp-json\/wp\/v2\/types\/post"}],"author":[{"embeddable":true,"href":"https:\/\/radio94fm.net\/site\/wp-json\/wp\/v2\/users\/1"}],"replies":[{"embeddable":true,"href":"https:\/\/radio94fm.net\/site\/wp-json\/wp\/v2\/comments?post=31046"}],"version-history":[{"count":0,"href":"https:\/\/radio94fm.net\/site\/wp-json\/wp\/v2\/posts\/31046\/revisions"}],"wp:attachment":[{"href":"https:\/\/radio94fm.net\/site\/wp-json\/wp\/v2\/media?parent=31046"}],"wp:term":[{"taxonomy":"category","embeddable":true,"href":"https:\/\/radio94fm.net\/site\/wp-json\/wp\/v2\/categories?post=31046"},{"taxonomy":"post_tag","embeddable":true,"href":"https:\/\/radio94fm.net\/site\/wp-json\/wp\/v2\/tags?post=31046"}],"curies":[{"name":"wp","href":"https:\/\/api.w.org\/{rel}","templated":true}]}}