{"id":31039,"date":"2019-08-22T16:55:34","date_gmt":"2019-08-22T19:55:34","guid":{"rendered":"http:\/\/www.radio94fm.net\/site\/?p=31039"},"modified":"2019-08-22T16:55:34","modified_gmt":"2019-08-22T19:55:34","slug":"mais-adolescentes-buscam-tratamentos-para-transtornos-alimentares","status":"publish","type":"post","link":"https:\/\/radio94fm.net\/site\/mais-adolescentes-buscam-tratamentos-para-transtornos-alimentares\/","title":{"rendered":"Mais adolescentes buscam tratamentos para transtornos alimentares"},"content":{"rendered":"<p><img decoding=\"async\" src=\"https:\/\/www.radio94fm.net\/site\/wp-content\/uploads\/2016\/12\/FIQUE-POR-DENTRO-BANNER-DENTRO-2.gif\"><\/p>\n<p>&nbsp;<\/p>\n<p>&nbsp;<\/p>\n<p>&nbsp;<\/p>\n<p><span style=\"font-weight: 400;\">\u200bA adolesc\u00eancia \u00e9 uma fase marcada por mudan\u00e7as psicol\u00f3gicas, f\u00edsicas e sociais, na qual o indiv\u00edduo deixa de ser crian\u00e7a e se prepara para a vida adulta. De acordo com a Organiza\u00e7\u00e3o Mundial da Sa\u00fade (OMS), este per\u00edodo ocorre entre os 10 e 20 anos. Clique e confira a mat\u00e9ria:<\/span><\/p>\n<p>&nbsp;<\/p>\n<p>&nbsp;<\/p>\n<p>&nbsp;<\/p>\n<audio class=\"wp-audio-shortcode\" id=\"audio-31039-1\" preload=\"none\" style=\"width: 100%;\" controls=\"controls\"><source type=\"audio\/mpeg\" src=\"https:\/\/www.radio94fm.net\/site\/wp-content\/uploads\/2019\/08\/FPD-ADOLESCENTES-TRANSTORNOS-ALIMENTARES-21-08-19-Adelina.mp3?_=1\" \/><a href=\"https:\/\/www.radio94fm.net\/site\/wp-content\/uploads\/2019\/08\/FPD-ADOLESCENTES-TRANSTORNOS-ALIMENTARES-21-08-19-Adelina.mp3\">https:\/\/www.radio94fm.net\/site\/wp-content\/uploads\/2019\/08\/FPD-ADOLESCENTES-TRANSTORNOS-ALIMENTARES-21-08-19-Adelina.mp3<\/a><\/audio>\n<p>&nbsp;<\/p>\n<p>&nbsp;<\/p>\n<p>&nbsp;<\/p>\n<p><img loading=\"lazy\" decoding=\"async\" title=\"\" src=\"https:\/\/www.radio94fm.net\/site\/wp-content\/uploads\/2017\/05\/FIQUE-POR-DENTRO-HORARIO-6-1.gif\" alt=\"\" width=\"604\" height=\"144\"><\/p>\n<p>Foto: Banco de Imagens<\/p>\n","protected":false},"excerpt":{"rendered":"<p>&nbsp; &nbsp; &nbsp; \u200bA adolesc\u00eancia \u00e9 uma fase marcada por mudan\u00e7as psicol\u00f3gicas, f\u00edsicas e sociais, na qual o indiv\u00edduo deixa de ser crian\u00e7a e se prepara para a vida adulta. De acordo com a Organiza\u00e7\u00e3o Mundial da Sa\u00fade (OMS), este per\u00edodo ocorre entre os 10 e 20 anos. Clique e confira a mat\u00e9ria: &nbsp; &nbsp;&#8230;<\/p>\n","protected":false},"author":1,"featured_media":31041,"comment_status":"open","ping_status":"closed","sticky":false,"template":"","format":"standard","meta":{"ngg_post_thumbnail":0,"footnotes":""},"categories":[54],"tags":[],"class_list":["post-31039","post","type-post","status-publish","format-standard","has-post-thumbnail","hentry","category-fique-por-dentro","have-post-thumb"],"_links":{"self":[{"href":"https:\/\/radio94fm.net\/site\/wp-json\/wp\/v2\/posts\/31039","targetHints":{"allow":["GET"]}}],"collection":[{"href":"https:\/\/radio94fm.net\/site\/wp-json\/wp\/v2\/posts"}],"about":[{"href":"https:\/\/radio94fm.net\/site\/wp-json\/wp\/v2\/types\/post"}],"author":[{"embeddable":true,"href":"https:\/\/radio94fm.net\/site\/wp-json\/wp\/v2\/users\/1"}],"replies":[{"embeddable":true,"href":"https:\/\/radio94fm.net\/site\/wp-json\/wp\/v2\/comments?post=31039"}],"version-history":[{"count":0,"href":"https:\/\/radio94fm.net\/site\/wp-json\/wp\/v2\/posts\/31039\/revisions"}],"wp:attachment":[{"href":"https:\/\/radio94fm.net\/site\/wp-json\/wp\/v2\/media?parent=31039"}],"wp:term":[{"taxonomy":"category","embeddable":true,"href":"https:\/\/radio94fm.net\/site\/wp-json\/wp\/v2\/categories?post=31039"},{"taxonomy":"post_tag","embeddable":true,"href":"https:\/\/radio94fm.net\/site\/wp-json\/wp\/v2\/tags?post=31039"}],"curies":[{"name":"wp","href":"https:\/\/api.w.org\/{rel}","templated":true}]}}