{"id":31034,"date":"2019-08-21T16:47:26","date_gmt":"2019-08-21T19:47:26","guid":{"rendered":"http:\/\/www.radio94fm.net\/site\/?p=31034"},"modified":"2019-08-21T16:47:26","modified_gmt":"2019-08-21T19:47:26","slug":"tiro-de-guerra-vai-comemorar-no-sabado-o-dia-do-soldado","status":"publish","type":"post","link":"https:\/\/radio94fm.net\/site\/tiro-de-guerra-vai-comemorar-no-sabado-o-dia-do-soldado\/","title":{"rendered":"Tiro de Guerra vai comemorar no s\u00e1bado o Dia do Soldado"},"content":{"rendered":"<p><img decoding=\"async\" src=\"https:\/\/www.radio94fm.net\/site\/wp-content\/uploads\/2016\/12\/FIQUE-POR-DENTRO-BANNER-DENTRO-2.gif\"><\/p>\n<p>&nbsp;<\/p>\n<p>&nbsp;<\/p>\n<p>&nbsp;<\/p>\n<p><span style=\"font-weight: 400;\">No pr\u00f3ximo s\u00e1bado, dia 24, se realizar\u00e1 na sede do Tiro de Guerra de Lavras, uma solenidade em comemora\u00e7\u00e3o ao Dia do Soldado. A data, que \u00e9 celebrada sempre no dia 25 de agosto, foi transferida para o dia 24, por ser o s\u00e1bado um dia mais adequado para a realiza\u00e7\u00e3o do evento. Clique abaixo para ouvir a mat\u00e9ria\u2026<\/span><\/p>\n<p>&nbsp;<\/p>\n<p>&nbsp;<\/p>\n<p>&nbsp;<\/p>\n<audio class=\"wp-audio-shortcode\" id=\"audio-31034-1\" preload=\"none\" style=\"width: 100%;\" controls=\"controls\"><source type=\"audio\/mpeg\" src=\"https:\/\/www.radio94fm.net\/site\/wp-content\/uploads\/2019\/08\/FPD-TIRO-DE-GUERRA-DIA-DO-SOLDADO-19-08-19-Pedro.mp3?_=1\" \/><a href=\"https:\/\/www.radio94fm.net\/site\/wp-content\/uploads\/2019\/08\/FPD-TIRO-DE-GUERRA-DIA-DO-SOLDADO-19-08-19-Pedro.mp3\">https:\/\/www.radio94fm.net\/site\/wp-content\/uploads\/2019\/08\/FPD-TIRO-DE-GUERRA-DIA-DO-SOLDADO-19-08-19-Pedro.mp3<\/a><\/audio>\n<p>&nbsp;<\/p>\n<p>&nbsp;<\/p>\n<p>&nbsp;<\/p>\n<p>&nbsp;<\/p>\n<p><img loading=\"lazy\" decoding=\"async\" title=\"\" src=\"https:\/\/www.radio94fm.net\/site\/wp-content\/uploads\/2017\/05\/FIQUE-POR-DENTRO-HORARIO-6-1.gif\" alt=\"\" width=\"604\" height=\"144\"><\/p>\n","protected":false},"excerpt":{"rendered":"<p>&nbsp; &nbsp; &nbsp; No pr\u00f3ximo s\u00e1bado, dia 24, se realizar\u00e1 na sede do Tiro de Guerra de Lavras, uma solenidade em comemora\u00e7\u00e3o ao Dia do Soldado. A data, que \u00e9 celebrada sempre no dia 25 de agosto, foi transferida para o dia 24, por ser o s\u00e1bado um dia mais adequado para a realiza\u00e7\u00e3o do&#8230;<\/p>\n","protected":false},"author":1,"featured_media":31036,"comment_status":"open","ping_status":"closed","sticky":false,"template":"","format":"standard","meta":{"ngg_post_thumbnail":0,"footnotes":""},"categories":[54],"tags":[],"class_list":["post-31034","post","type-post","status-publish","format-standard","has-post-thumbnail","hentry","category-fique-por-dentro","have-post-thumb"],"_links":{"self":[{"href":"https:\/\/radio94fm.net\/site\/wp-json\/wp\/v2\/posts\/31034","targetHints":{"allow":["GET"]}}],"collection":[{"href":"https:\/\/radio94fm.net\/site\/wp-json\/wp\/v2\/posts"}],"about":[{"href":"https:\/\/radio94fm.net\/site\/wp-json\/wp\/v2\/types\/post"}],"author":[{"embeddable":true,"href":"https:\/\/radio94fm.net\/site\/wp-json\/wp\/v2\/users\/1"}],"replies":[{"embeddable":true,"href":"https:\/\/radio94fm.net\/site\/wp-json\/wp\/v2\/comments?post=31034"}],"version-history":[{"count":0,"href":"https:\/\/radio94fm.net\/site\/wp-json\/wp\/v2\/posts\/31034\/revisions"}],"wp:attachment":[{"href":"https:\/\/radio94fm.net\/site\/wp-json\/wp\/v2\/media?parent=31034"}],"wp:term":[{"taxonomy":"category","embeddable":true,"href":"https:\/\/radio94fm.net\/site\/wp-json\/wp\/v2\/categories?post=31034"},{"taxonomy":"post_tag","embeddable":true,"href":"https:\/\/radio94fm.net\/site\/wp-json\/wp\/v2\/tags?post=31034"}],"curies":[{"name":"wp","href":"https:\/\/api.w.org\/{rel}","templated":true}]}}