{"id":30991,"date":"2019-08-15T13:31:24","date_gmt":"2019-08-15T16:31:24","guid":{"rendered":"http:\/\/www.radio94fm.net\/site\/?p=30991"},"modified":"2019-08-15T13:31:24","modified_gmt":"2019-08-15T16:31:24","slug":"daniel-lanca-versao-de-trem-bala-com-larissa-manoela","status":"publish","type":"post","link":"https:\/\/radio94fm.net\/site\/daniel-lanca-versao-de-trem-bala-com-larissa-manoela\/","title":{"rendered":"Daniel lan\u00e7a vers\u00e3o de &#8216;Trem Bala&#8217; com Larissa Manoela"},"content":{"rendered":"<p>Numa parceria um pouco diferente, o sertanejo Daniel, 50, lan\u00e7ou nesta segunda-feira (12) uma nova vers\u00e3o da m\u00fasica &#8220;Trem Bala&#8221;, em parceria com o \u00edcone adolescente Larissa Manoela, 18. A can\u00e7\u00e3o, gravada originalmente por Ana Vilela, estar\u00e1 no pr\u00f3ximo DVD do cantor. O dueto foi gravado em 12 de outubro do ano passado, no Santu\u00e1rio Nacional de Aparecida, no interior paulista, e lan\u00e7ado na p\u00e1gina do cantor no YouTube. Al\u00e9m de Larissa Manoela, Daniel fez parcerias tamb\u00e9m com Leo Cidade, Giulia Soncini e Neto Junqueira para o novo projeto, &#8220;Show Homenagem a Nossa Senhora Aparecida&#8221;. Veja o v\u00eddeo da m\u00fasica abaixo:<\/p>\n<p>&nbsp;<\/p>\n<p><iframe loading=\"lazy\" src=\"\/\/www.youtube.com\/embed\/j4ipxscCmqs\" width=\"560\" height=\"314\" allowfullscreen=\"allowfullscreen\"><\/iframe><\/p>\n","protected":false},"excerpt":{"rendered":"<p>Numa parceria um pouco diferente, o sertanejo Daniel, 50, lan\u00e7ou nesta segunda-feira (12) uma nova vers\u00e3o da m\u00fasica &#8220;Trem Bala&#8221;, em parceria com o \u00edcone adolescente Larissa Manoela, 18. A can\u00e7\u00e3o, gravada originalmente por Ana Vilela, estar\u00e1 no pr\u00f3ximo DVD do cantor. O dueto foi gravado em 12 de outubro do ano passado, no Santu\u00e1rio&#8230;<\/p>\n","protected":false},"author":1,"featured_media":30992,"comment_status":"open","ping_status":"closed","sticky":false,"template":"","format":"standard","meta":{"ngg_post_thumbnail":0,"footnotes":""},"categories":[60],"tags":[],"class_list":["post-30991","post","type-post","status-publish","format-standard","has-post-thumbnail","hentry","category-na-musica","have-post-thumb"],"_links":{"self":[{"href":"https:\/\/radio94fm.net\/site\/wp-json\/wp\/v2\/posts\/30991","targetHints":{"allow":["GET"]}}],"collection":[{"href":"https:\/\/radio94fm.net\/site\/wp-json\/wp\/v2\/posts"}],"about":[{"href":"https:\/\/radio94fm.net\/site\/wp-json\/wp\/v2\/types\/post"}],"author":[{"embeddable":true,"href":"https:\/\/radio94fm.net\/site\/wp-json\/wp\/v2\/users\/1"}],"replies":[{"embeddable":true,"href":"https:\/\/radio94fm.net\/site\/wp-json\/wp\/v2\/comments?post=30991"}],"version-history":[{"count":0,"href":"https:\/\/radio94fm.net\/site\/wp-json\/wp\/v2\/posts\/30991\/revisions"}],"wp:featuredmedia":[{"embeddable":true,"href":"https:\/\/radio94fm.net\/site\/wp-json\/"}],"wp:attachment":[{"href":"https:\/\/radio94fm.net\/site\/wp-json\/wp\/v2\/media?parent=30991"}],"wp:term":[{"taxonomy":"category","embeddable":true,"href":"https:\/\/radio94fm.net\/site\/wp-json\/wp\/v2\/categories?post=30991"},{"taxonomy":"post_tag","embeddable":true,"href":"https:\/\/radio94fm.net\/site\/wp-json\/wp\/v2\/tags?post=30991"}],"curies":[{"name":"wp","href":"https:\/\/api.w.org\/{rel}","templated":true}]}}