{"id":30988,"date":"2019-08-15T13:28:41","date_gmt":"2019-08-15T16:28:41","guid":{"rendered":"http:\/\/www.radio94fm.net\/site\/?p=30988"},"modified":"2019-08-15T13:28:41","modified_gmt":"2019-08-15T16:28:41","slug":"wanessa-camargo-troca-de-gravadora-e-quer-lancar-musicas-autorais-no-mes-que-vem","status":"publish","type":"post","link":"https:\/\/radio94fm.net\/site\/wanessa-camargo-troca-de-gravadora-e-quer-lancar-musicas-autorais-no-mes-que-vem\/","title":{"rendered":"Wanessa Camargo troca de gravadora e quer lan\u00e7ar m\u00fasicas autorais no m\u00eas que vem"},"content":{"rendered":"<p>A cantora&nbsp;Wanessa Camargo, 36, acaba de assinar contrato com a sua nova gravadora, a ONErpm. A ideia da artista \u00e9 lan\u00e7ar m\u00fasicas autorais a partir da \u00faltima sexta-feira de setembro, m\u00eas em que a nova parceira come\u00e7ar\u00e1 os trabalhos com ela.<\/p>\n<p>A ONErpm ser\u00e1 a respons\u00e1vel pela distribui\u00e7\u00e3o digital de m\u00fasicas e pelo engajamento de f\u00e3s e vai possibilitar o acesso aos projetos da cantora a lojas e servi\u00e7os de m\u00fasica digital como iTunes, R\u00e1dio, Amazon, Spotify, Google Music, Deezer e YouTube.<\/p>\n<p>Em reuni\u00e3o em S\u00e3o Paulo, o acordo foi selado entre Wanessa, Arthur Fitzgibbon, presidente da gravadora, e F\u00e1bio Almeida (Mister Jam), que agora \u00e9 o respons\u00e1vel por gerenciar sua carreira. A antiga gravadora de Wanessa era a Som Livre. Foi por ela que a cantora lan\u00e7ou seu \u00faltimo disco, \u201c33\u201d.<\/p>\n","protected":false},"excerpt":{"rendered":"<p>A cantora&nbsp;Wanessa Camargo, 36, acaba de assinar contrato com a sua nova gravadora, a ONErpm. A ideia da artista \u00e9 lan\u00e7ar m\u00fasicas autorais a partir da \u00faltima sexta-feira de setembro, m\u00eas em que a nova parceira come\u00e7ar\u00e1 os trabalhos com ela. A ONErpm ser\u00e1 a respons\u00e1vel pela distribui\u00e7\u00e3o digital de m\u00fasicas e pelo engajamento de&#8230;<\/p>\n","protected":false},"author":1,"featured_media":30989,"comment_status":"open","ping_status":"closed","sticky":false,"template":"","format":"standard","meta":{"ngg_post_thumbnail":0,"footnotes":""},"categories":[60],"tags":[],"class_list":["post-30988","post","type-post","status-publish","format-standard","has-post-thumbnail","hentry","category-na-musica","have-post-thumb"],"_links":{"self":[{"href":"https:\/\/radio94fm.net\/site\/wp-json\/wp\/v2\/posts\/30988","targetHints":{"allow":["GET"]}}],"collection":[{"href":"https:\/\/radio94fm.net\/site\/wp-json\/wp\/v2\/posts"}],"about":[{"href":"https:\/\/radio94fm.net\/site\/wp-json\/wp\/v2\/types\/post"}],"author":[{"embeddable":true,"href":"https:\/\/radio94fm.net\/site\/wp-json\/wp\/v2\/users\/1"}],"replies":[{"embeddable":true,"href":"https:\/\/radio94fm.net\/site\/wp-json\/wp\/v2\/comments?post=30988"}],"version-history":[{"count":0,"href":"https:\/\/radio94fm.net\/site\/wp-json\/wp\/v2\/posts\/30988\/revisions"}],"wp:featuredmedia":[{"embeddable":true,"href":"https:\/\/radio94fm.net\/site\/wp-json\/"}],"wp:attachment":[{"href":"https:\/\/radio94fm.net\/site\/wp-json\/wp\/v2\/media?parent=30988"}],"wp:term":[{"taxonomy":"category","embeddable":true,"href":"https:\/\/radio94fm.net\/site\/wp-json\/wp\/v2\/categories?post=30988"},{"taxonomy":"post_tag","embeddable":true,"href":"https:\/\/radio94fm.net\/site\/wp-json\/wp\/v2\/tags?post=30988"}],"curies":[{"name":"wp","href":"https:\/\/api.w.org\/{rel}","templated":true}]}}