{"id":30980,"date":"2019-08-15T13:23:53","date_gmt":"2019-08-15T16:23:53","guid":{"rendered":"http:\/\/www.radio94fm.net\/site\/?p=30980"},"modified":"2019-08-15T13:23:53","modified_gmt":"2019-08-15T16:23:53","slug":"queimadas-no-periodo-de-seca-aumentam-o-risco-de-incendios","status":"publish","type":"post","link":"https:\/\/radio94fm.net\/site\/queimadas-no-periodo-de-seca-aumentam-o-risco-de-incendios\/","title":{"rendered":"Queimadas no per\u00edodo de seca aumentam o risco de inc\u00eandios"},"content":{"rendered":"<p><img decoding=\"async\" src=\"https:\/\/www.radio94fm.net\/site\/wp-content\/uploads\/2016\/12\/FIQUE-POR-DENTRO-BANNER-DENTRO-2.gif\"><\/p>\n<p>&nbsp;<\/p>\n<p>&nbsp;<\/p>\n<p><span style=\"font-weight: 400;\">No per\u00edodo de estiagem, que vai de maio at\u00e9 o final de setembro, aumentam as ocorr\u00eancias de queimadas na zona rural, mas, al\u00e9m de perigoso para a seguran\u00e7a e sa\u00fade, as queimadas sem autoriza\u00e7\u00e3o tamb\u00e9m s\u00e3o um crime ambiental. Clique abaixo para ouvir a mat\u00e9ria\u2026<\/span><\/p>\n<p>&nbsp;<\/p>\n<p>&nbsp;<\/p>\n<p>&nbsp;<\/p>\n<audio class=\"wp-audio-shortcode\" id=\"audio-30980-1\" preload=\"none\" style=\"width: 100%;\" controls=\"controls\"><source type=\"audio\/mpeg\" src=\"https:\/\/www.radio94fm.net\/site\/wp-content\/uploads\/2019\/08\/FPD-QUEIMADAS-AUMENTAM-RISCOS-DE-INCENDIOS-13-08-19-Pedro.mp3?_=1\" \/><a href=\"https:\/\/www.radio94fm.net\/site\/wp-content\/uploads\/2019\/08\/FPD-QUEIMADAS-AUMENTAM-RISCOS-DE-INCENDIOS-13-08-19-Pedro.mp3\">https:\/\/www.radio94fm.net\/site\/wp-content\/uploads\/2019\/08\/FPD-QUEIMADAS-AUMENTAM-RISCOS-DE-INCENDIOS-13-08-19-Pedro.mp3<\/a><\/audio>\n<p>&nbsp;<\/p>\n<p>&nbsp;<\/p>\n<p>&nbsp;<\/p>\n<p>&nbsp;<\/p>\n<p><img loading=\"lazy\" decoding=\"async\" title=\"\" src=\"https:\/\/www.radio94fm.net\/site\/wp-content\/uploads\/2017\/05\/FIQUE-POR-DENTRO-HORARIO-6-1.gif\" alt=\"\" width=\"604\" height=\"144\"><\/p>\n","protected":false},"excerpt":{"rendered":"<p>&nbsp; &nbsp; No per\u00edodo de estiagem, que vai de maio at\u00e9 o final de setembro, aumentam as ocorr\u00eancias de queimadas na zona rural, mas, al\u00e9m de perigoso para a seguran\u00e7a e sa\u00fade, as queimadas sem autoriza\u00e7\u00e3o tamb\u00e9m s\u00e3o um crime ambiental. Clique abaixo para ouvir a mat\u00e9ria\u2026 &nbsp; &nbsp; &nbsp; &nbsp; &nbsp; &nbsp; &nbsp;<\/p>\n","protected":false},"author":1,"featured_media":0,"comment_status":"open","ping_status":"closed","sticky":false,"template":"","format":"standard","meta":{"ngg_post_thumbnail":0,"footnotes":""},"categories":[54],"tags":[],"class_list":["post-30980","post","type-post","status-publish","format-standard","hentry","category-fique-por-dentro"],"_links":{"self":[{"href":"https:\/\/radio94fm.net\/site\/wp-json\/wp\/v2\/posts\/30980","targetHints":{"allow":["GET"]}}],"collection":[{"href":"https:\/\/radio94fm.net\/site\/wp-json\/wp\/v2\/posts"}],"about":[{"href":"https:\/\/radio94fm.net\/site\/wp-json\/wp\/v2\/types\/post"}],"author":[{"embeddable":true,"href":"https:\/\/radio94fm.net\/site\/wp-json\/wp\/v2\/users\/1"}],"replies":[{"embeddable":true,"href":"https:\/\/radio94fm.net\/site\/wp-json\/wp\/v2\/comments?post=30980"}],"version-history":[{"count":0,"href":"https:\/\/radio94fm.net\/site\/wp-json\/wp\/v2\/posts\/30980\/revisions"}],"wp:attachment":[{"href":"https:\/\/radio94fm.net\/site\/wp-json\/wp\/v2\/media?parent=30980"}],"wp:term":[{"taxonomy":"category","embeddable":true,"href":"https:\/\/radio94fm.net\/site\/wp-json\/wp\/v2\/categories?post=30980"},{"taxonomy":"post_tag","embeddable":true,"href":"https:\/\/radio94fm.net\/site\/wp-json\/wp\/v2\/tags?post=30980"}],"curies":[{"name":"wp","href":"https:\/\/api.w.org\/{rel}","templated":true}]}}