{"id":30969,"date":"2019-08-13T15:30:46","date_gmt":"2019-08-13T18:30:46","guid":{"rendered":"http:\/\/www.radio94fm.net\/site\/?p=30969"},"modified":"2019-08-13T15:30:46","modified_gmt":"2019-08-13T18:30:46","slug":"quarta-edicao-do-gastronomia-solidaria-em-prol-da-eterna-misericordia-sera-realizada-em-setembro","status":"publish","type":"post","link":"https:\/\/radio94fm.net\/site\/quarta-edicao-do-gastronomia-solidaria-em-prol-da-eterna-misericordia-sera-realizada-em-setembro\/","title":{"rendered":"Quarta Edi\u00e7\u00e3o do Gastronomia Solid\u00e1ria em prol da Eterna Miseric\u00f3rdia ser\u00e1 realizada em setembro"},"content":{"rendered":"<p><img decoding=\"async\" src=\"https:\/\/www.radio94fm.net\/site\/wp-content\/uploads\/2016\/12\/FIQUE-POR-DENTRO-BANNER-DENTRO-2.gif\"><\/p>\n<p>&nbsp;<\/p>\n<p>&nbsp;<\/p>\n<p>&nbsp;<\/p>\n<p><span style=\"font-weight: 400;\">A casa de acolhimento Eterna Miseric\u00f3rdia vai realizar no dia 28 de setembro, a terceira edi\u00e7\u00e3o do evento Gastronomia Solid\u00e1ria. A festa de sabores ser\u00e1 realizada no espa\u00e7o de eventos Gran Finalle, no Distrito industrial. Clique e confira a mat\u00e9ria:<\/span><\/p>\n<p>&nbsp;<\/p>\n<p>&nbsp;<\/p>\n<p>&nbsp;<\/p>\n<audio class=\"wp-audio-shortcode\" id=\"audio-30969-1\" preload=\"none\" style=\"width: 100%;\" controls=\"controls\"><source type=\"audio\/mpeg\" src=\"https:\/\/www.radio94fm.net\/site\/wp-content\/uploads\/2019\/08\/FPD-GASTRONOMIA-SOLIDARIA-09-08-19-Adelina.mp3?_=1\" \/><a href=\"https:\/\/www.radio94fm.net\/site\/wp-content\/uploads\/2019\/08\/FPD-GASTRONOMIA-SOLIDARIA-09-08-19-Adelina.mp3\">https:\/\/www.radio94fm.net\/site\/wp-content\/uploads\/2019\/08\/FPD-GASTRONOMIA-SOLIDARIA-09-08-19-Adelina.mp3<\/a><\/audio>\n<p>&nbsp;<\/p>\n<p>&nbsp;<\/p>\n<p>&nbsp;<\/p>\n<p><img loading=\"lazy\" decoding=\"async\" title=\"\" src=\"https:\/\/www.radio94fm.net\/site\/wp-content\/uploads\/2017\/05\/FIQUE-POR-DENTRO-HORARIO-6-1.gif\" alt=\"\" width=\"604\" height=\"144\"><\/p>\n<p>Foto: Reprodu\u00e7\u00e3o internet<\/p>\n<p>&nbsp;<\/p>\n<p>&nbsp;<\/p>\n","protected":false},"excerpt":{"rendered":"<p>&nbsp; &nbsp; &nbsp; A casa de acolhimento Eterna Miseric\u00f3rdia vai realizar no dia 28 de setembro, a terceira edi\u00e7\u00e3o do evento Gastronomia Solid\u00e1ria. A festa de sabores ser\u00e1 realizada no espa\u00e7o de eventos Gran Finalle, no Distrito industrial. Clique e confira a mat\u00e9ria: &nbsp; &nbsp; &nbsp; &nbsp; &nbsp; &nbsp; Foto: Reprodu\u00e7\u00e3o internet &nbsp; &nbsp;<\/p>\n","protected":false},"author":1,"featured_media":30971,"comment_status":"open","ping_status":"closed","sticky":false,"template":"","format":"standard","meta":{"ngg_post_thumbnail":0,"footnotes":""},"categories":[54],"tags":[],"class_list":["post-30969","post","type-post","status-publish","format-standard","has-post-thumbnail","hentry","category-fique-por-dentro","have-post-thumb"],"_links":{"self":[{"href":"https:\/\/radio94fm.net\/site\/wp-json\/wp\/v2\/posts\/30969","targetHints":{"allow":["GET"]}}],"collection":[{"href":"https:\/\/radio94fm.net\/site\/wp-json\/wp\/v2\/posts"}],"about":[{"href":"https:\/\/radio94fm.net\/site\/wp-json\/wp\/v2\/types\/post"}],"author":[{"embeddable":true,"href":"https:\/\/radio94fm.net\/site\/wp-json\/wp\/v2\/users\/1"}],"replies":[{"embeddable":true,"href":"https:\/\/radio94fm.net\/site\/wp-json\/wp\/v2\/comments?post=30969"}],"version-history":[{"count":0,"href":"https:\/\/radio94fm.net\/site\/wp-json\/wp\/v2\/posts\/30969\/revisions"}],"wp:attachment":[{"href":"https:\/\/radio94fm.net\/site\/wp-json\/wp\/v2\/media?parent=30969"}],"wp:term":[{"taxonomy":"category","embeddable":true,"href":"https:\/\/radio94fm.net\/site\/wp-json\/wp\/v2\/categories?post=30969"},{"taxonomy":"post_tag","embeddable":true,"href":"https:\/\/radio94fm.net\/site\/wp-json\/wp\/v2\/tags?post=30969"}],"curies":[{"name":"wp","href":"https:\/\/api.w.org\/{rel}","templated":true}]}}