{"id":30945,"date":"2019-08-09T15:48:10","date_gmt":"2019-08-09T18:48:10","guid":{"rendered":"http:\/\/www.radio94fm.net\/site\/?p=30945"},"modified":"2019-08-09T15:48:10","modified_gmt":"2019-08-09T18:48:10","slug":"festival-de-pipas-promete-embelezar-o-ceu-no-bairro-sao-vicente-neste-sabado","status":"publish","type":"post","link":"https:\/\/radio94fm.net\/site\/festival-de-pipas-promete-embelezar-o-ceu-no-bairro-sao-vicente-neste-sabado\/","title":{"rendered":"Festival de Pipas promete embelezar o c\u00e9u no bairro S\u00e3o Vicente neste s\u00e1bado"},"content":{"rendered":"<p><img decoding=\"async\" src=\"https:\/\/www.radio94fm.net\/site\/wp-content\/uploads\/2016\/12\/FIQUE-POR-DENTRO-BANNER-DENTRO-2.gif\"><\/p>\n<p>&nbsp;<\/p>\n<p>&nbsp;<\/p>\n<p>&nbsp;<\/p>\n<p><span style=\"font-weight: 400;\">Neste s\u00e1bado, dia 10, ser\u00e1 realizado no Camp\u00e3o do bairro S\u00e3o Vicente, o 4\u00ba Festival de Pipas da Escola Municipal Paulo Menicucci. O evento faz parte de uma s\u00e9rie de a\u00e7\u00f5es do &#8220;Projeto Resgatando Brincadeiras, Criando Oportunidades&#8221;, que \u00e9 Coordenado pelo professor Emerson Nonato Silva, o Corguinho. Clique abaixo para ouvir a mat\u00e9ria\u2026<\/span><\/p>\n<p>&nbsp;<\/p>\n<p>&nbsp;<\/p>\n<p>&nbsp;<\/p>\n<p>&nbsp;<\/p>\n<audio class=\"wp-audio-shortcode\" id=\"audio-30945-1\" preload=\"none\" style=\"width: 100%;\" controls=\"controls\"><source type=\"audio\/mpeg\" src=\"https:\/\/www.radio94fm.net\/site\/wp-content\/uploads\/2019\/08\/FPD-FESTIVAO-DE-PIPAS-NO-SAO-VICENTE-07-08-19-Pedro.mp3?_=1\" \/><a href=\"https:\/\/www.radio94fm.net\/site\/wp-content\/uploads\/2019\/08\/FPD-FESTIVAO-DE-PIPAS-NO-SAO-VICENTE-07-08-19-Pedro.mp3\">https:\/\/www.radio94fm.net\/site\/wp-content\/uploads\/2019\/08\/FPD-FESTIVAO-DE-PIPAS-NO-SAO-VICENTE-07-08-19-Pedro.mp3<\/a><\/audio>\n<p>&nbsp;<\/p>\n<p>&nbsp;<\/p>\n<p>&nbsp;<\/p>\n<p>&nbsp;<\/p>\n<p>https:\/\/www.radio94fm.net\/site\/wp-content\/uploads\/2017\/05\/FIQUE-POR-DENTRO-HORARIO-6-1.gif<\/p>\n<p>https:\/\/www.radio94fm.net\/site\/wp-content\/uploads\/2017\/05\/FIQUE-POR-DENTRO-HORARIO-6-1.gif<\/p>\n<p>https:\/\/www.radio94fm.net\/site\/wp-content\/uploads\/2017\/05\/FIQUE-POR-DENTRO-HORARIO-6-1.gif<\/p>\n","protected":false},"excerpt":{"rendered":"<p>&nbsp; &nbsp; &nbsp; Neste s\u00e1bado, dia 10, ser\u00e1 realizado no Camp\u00e3o do bairro S\u00e3o Vicente, o 4\u00ba Festival de Pipas da Escola Municipal Paulo Menicucci. O evento faz parte de uma s\u00e9rie de a\u00e7\u00f5es do &#8220;Projeto Resgatando Brincadeiras, Criando Oportunidades&#8221;, que \u00e9 Coordenado pelo professor Emerson Nonato Silva, o Corguinho. Clique abaixo para ouvir a&#8230;<\/p>\n","protected":false},"author":1,"featured_media":30947,"comment_status":"open","ping_status":"closed","sticky":false,"template":"","format":"standard","meta":{"ngg_post_thumbnail":0,"footnotes":""},"categories":[54],"tags":[],"class_list":["post-30945","post","type-post","status-publish","format-standard","has-post-thumbnail","hentry","category-fique-por-dentro","have-post-thumb"],"_links":{"self":[{"href":"https:\/\/radio94fm.net\/site\/wp-json\/wp\/v2\/posts\/30945","targetHints":{"allow":["GET"]}}],"collection":[{"href":"https:\/\/radio94fm.net\/site\/wp-json\/wp\/v2\/posts"}],"about":[{"href":"https:\/\/radio94fm.net\/site\/wp-json\/wp\/v2\/types\/post"}],"author":[{"embeddable":true,"href":"https:\/\/radio94fm.net\/site\/wp-json\/wp\/v2\/users\/1"}],"replies":[{"embeddable":true,"href":"https:\/\/radio94fm.net\/site\/wp-json\/wp\/v2\/comments?post=30945"}],"version-history":[{"count":0,"href":"https:\/\/radio94fm.net\/site\/wp-json\/wp\/v2\/posts\/30945\/revisions"}],"wp:attachment":[{"href":"https:\/\/radio94fm.net\/site\/wp-json\/wp\/v2\/media?parent=30945"}],"wp:term":[{"taxonomy":"category","embeddable":true,"href":"https:\/\/radio94fm.net\/site\/wp-json\/wp\/v2\/categories?post=30945"},{"taxonomy":"post_tag","embeddable":true,"href":"https:\/\/radio94fm.net\/site\/wp-json\/wp\/v2\/tags?post=30945"}],"curies":[{"name":"wp","href":"https:\/\/api.w.org\/{rel}","templated":true}]}}