{"id":30937,"date":"2019-08-09T15:43:30","date_gmt":"2019-08-09T18:43:30","guid":{"rendered":"http:\/\/www.radio94fm.net\/site\/?p=30937"},"modified":"2019-08-09T15:43:30","modified_gmt":"2019-08-09T18:43:30","slug":"mais-uma-cantora-de-lavras-vai-se-apresentar-no-programa-raul-gil","status":"publish","type":"post","link":"https:\/\/radio94fm.net\/site\/mais-uma-cantora-de-lavras-vai-se-apresentar-no-programa-raul-gil\/","title":{"rendered":"Mais uma cantora de Lavras vai se apresentar no Programa Raul Gil"},"content":{"rendered":"<p><img decoding=\"async\" src=\"https:\/\/www.radio94fm.net\/site\/wp-content\/uploads\/2016\/12\/FIQUE-POR-DENTRO-BANNER-DENTRO-2.gif\"><\/p>\n<p>&nbsp;<\/p>\n<p>&nbsp;<\/p>\n<p><span style=\"font-weight: 400;\">Neste s\u00e1bado, dia 10, vai ao ar no Programa Raul Gil, a participa\u00e7\u00e3o de mais uma cantora lavrense, a Michelli Godoi. Ela estar\u00e1 participando da segunda temporada do quadro &#8220;Shadow Brasil&#8221;. Clique abaixo para ouvir a mat\u00e9ria\u2026<\/span><\/p>\n<p>&nbsp;<\/p>\n<p>&nbsp;<\/p>\n<audio class=\"wp-audio-shortcode\" id=\"audio-30937-1\" preload=\"none\" style=\"width: 100%;\" controls=\"controls\"><source type=\"audio\/mpeg\" src=\"https:\/\/www.radio94fm.net\/site\/wp-content\/uploads\/2019\/08\/FPD-MICHELLI-GODOI-NO-RAUL-GIL-07-08-19-Pedro.mp3?_=1\" \/><a href=\"https:\/\/www.radio94fm.net\/site\/wp-content\/uploads\/2019\/08\/FPD-MICHELLI-GODOI-NO-RAUL-GIL-07-08-19-Pedro.mp3\">https:\/\/www.radio94fm.net\/site\/wp-content\/uploads\/2019\/08\/FPD-MICHELLI-GODOI-NO-RAUL-GIL-07-08-19-Pedro.mp3<\/a><\/audio>\n<p>&nbsp;<\/p>\n<p>&nbsp;<\/p>\n<p>&nbsp;<\/p>\n<p><img loading=\"lazy\" decoding=\"async\" title=\"\" src=\"https:\/\/www.radio94fm.net\/site\/wp-content\/uploads\/2017\/05\/FIQUE-POR-DENTRO-HORARIO-6-1.gif\" alt=\"\" width=\"604\" height=\"144\"><\/p>\n<p>Foto: Reprodu\u00e7\u00e3o Arquivo Pessoal<\/p>\n","protected":false},"excerpt":{"rendered":"<p>&nbsp; &nbsp; Neste s\u00e1bado, dia 10, vai ao ar no Programa Raul Gil, a participa\u00e7\u00e3o de mais uma cantora lavrense, a Michelli Godoi. Ela estar\u00e1 participando da segunda temporada do quadro &#8220;Shadow Brasil&#8221;. Clique abaixo para ouvir a mat\u00e9ria\u2026 &nbsp; &nbsp; &nbsp; &nbsp; &nbsp; Foto: Reprodu\u00e7\u00e3o Arquivo Pessoal<\/p>\n","protected":false},"author":1,"featured_media":30939,"comment_status":"open","ping_status":"closed","sticky":false,"template":"","format":"standard","meta":{"ngg_post_thumbnail":0,"footnotes":""},"categories":[54],"tags":[],"class_list":["post-30937","post","type-post","status-publish","format-standard","has-post-thumbnail","hentry","category-fique-por-dentro","have-post-thumb"],"_links":{"self":[{"href":"https:\/\/radio94fm.net\/site\/wp-json\/wp\/v2\/posts\/30937","targetHints":{"allow":["GET"]}}],"collection":[{"href":"https:\/\/radio94fm.net\/site\/wp-json\/wp\/v2\/posts"}],"about":[{"href":"https:\/\/radio94fm.net\/site\/wp-json\/wp\/v2\/types\/post"}],"author":[{"embeddable":true,"href":"https:\/\/radio94fm.net\/site\/wp-json\/wp\/v2\/users\/1"}],"replies":[{"embeddable":true,"href":"https:\/\/radio94fm.net\/site\/wp-json\/wp\/v2\/comments?post=30937"}],"version-history":[{"count":0,"href":"https:\/\/radio94fm.net\/site\/wp-json\/wp\/v2\/posts\/30937\/revisions"}],"wp:attachment":[{"href":"https:\/\/radio94fm.net\/site\/wp-json\/wp\/v2\/media?parent=30937"}],"wp:term":[{"taxonomy":"category","embeddable":true,"href":"https:\/\/radio94fm.net\/site\/wp-json\/wp\/v2\/categories?post=30937"},{"taxonomy":"post_tag","embeddable":true,"href":"https:\/\/radio94fm.net\/site\/wp-json\/wp\/v2\/tags?post=30937"}],"curies":[{"name":"wp","href":"https:\/\/api.w.org\/{rel}","templated":true}]}}