{"id":30933,"date":"2019-08-08T16:08:01","date_gmt":"2019-08-08T19:08:01","guid":{"rendered":"http:\/\/www.radio94fm.net\/site\/?p=30933"},"modified":"2019-08-08T16:08:01","modified_gmt":"2019-08-08T19:08:01","slug":"comissao-da-mulher-advogada-de-lavras-debate-violencia-em-evento-para-celebrar-os-13-anos-da-lei-maria-da-penha","status":"publish","type":"post","link":"https:\/\/radio94fm.net\/site\/comissao-da-mulher-advogada-de-lavras-debate-violencia-em-evento-para-celebrar-os-13-anos-da-lei-maria-da-penha\/","title":{"rendered":"Comiss\u00e3o da Mulher Advogada de Lavras debate viol\u00eancia em evento para celebrar os 13 anos da Lei Maria da Penha"},"content":{"rendered":"<p><img decoding=\"async\" src=\"https:\/\/www.radio94fm.net\/site\/wp-content\/uploads\/2016\/12\/FIQUE-POR-DENTRO-BANNER-DENTRO-2.gif\"><\/p>\n<p>&nbsp;<\/p>\n<p>&nbsp;<\/p>\n<p><span style=\"font-weight: 400;\">Para comemorar os 13 anos da Lei Maria da Penha, sancionada em 7 de agosto de 2006, a Comiss\u00e3o da Mulher Advogada da OAB Lavras ir\u00e1 reunir especialistas, projetos e comunidade em geral na pauta da viol\u00eancia contra mulher, no pr\u00f3ximo dia 15, \u00e0s 19 horas na sede da OAB. Clique e confira a mat\u00e9ria:<\/span><\/p>\n<p>&nbsp;<\/p>\n<p>&nbsp;<\/p>\n<p>&nbsp;<\/p>\n<audio class=\"wp-audio-shortcode\" id=\"audio-30933-1\" preload=\"none\" style=\"width: 100%;\" controls=\"controls\"><source type=\"audio\/mpeg\" src=\"https:\/\/www.radio94fm.net\/site\/wp-content\/uploads\/2019\/08\/FPD-COMISSAO-MULHER-ADVOGADA-DEBATE-VIOLENCIA-07-08-19-Adelina.mp3?_=1\" \/><a href=\"https:\/\/www.radio94fm.net\/site\/wp-content\/uploads\/2019\/08\/FPD-COMISSAO-MULHER-ADVOGADA-DEBATE-VIOLENCIA-07-08-19-Adelina.mp3\">https:\/\/www.radio94fm.net\/site\/wp-content\/uploads\/2019\/08\/FPD-COMISSAO-MULHER-ADVOGADA-DEBATE-VIOLENCIA-07-08-19-Adelina.mp3<\/a><\/audio>\n<p>&nbsp;<\/p>\n<p>&nbsp;<\/p>\n<p>&nbsp;<\/p>\n<p>&nbsp;<\/p>\n<p>&nbsp;<\/p>\n<p><img loading=\"lazy\" decoding=\"async\" title=\"\" src=\"https:\/\/www.radio94fm.net\/site\/wp-content\/uploads\/2017\/05\/FIQUE-POR-DENTRO-HORARIO-6-1.gif\" alt=\"\" width=\"604\" height=\"144\"><\/p>\n","protected":false},"excerpt":{"rendered":"<p>&nbsp; &nbsp; Para comemorar os 13 anos da Lei Maria da Penha, sancionada em 7 de agosto de 2006, a Comiss\u00e3o da Mulher Advogada da OAB Lavras ir\u00e1 reunir especialistas, projetos e comunidade em geral na pauta da viol\u00eancia contra mulher, no pr\u00f3ximo dia 15, \u00e0s 19 horas na sede da OAB. Clique e confira&#8230;<\/p>\n","protected":false},"author":1,"featured_media":30936,"comment_status":"open","ping_status":"closed","sticky":false,"template":"","format":"standard","meta":{"ngg_post_thumbnail":0,"footnotes":""},"categories":[54],"tags":[],"class_list":["post-30933","post","type-post","status-publish","format-standard","has-post-thumbnail","hentry","category-fique-por-dentro","have-post-thumb"],"_links":{"self":[{"href":"https:\/\/radio94fm.net\/site\/wp-json\/wp\/v2\/posts\/30933","targetHints":{"allow":["GET"]}}],"collection":[{"href":"https:\/\/radio94fm.net\/site\/wp-json\/wp\/v2\/posts"}],"about":[{"href":"https:\/\/radio94fm.net\/site\/wp-json\/wp\/v2\/types\/post"}],"author":[{"embeddable":true,"href":"https:\/\/radio94fm.net\/site\/wp-json\/wp\/v2\/users\/1"}],"replies":[{"embeddable":true,"href":"https:\/\/radio94fm.net\/site\/wp-json\/wp\/v2\/comments?post=30933"}],"version-history":[{"count":0,"href":"https:\/\/radio94fm.net\/site\/wp-json\/wp\/v2\/posts\/30933\/revisions"}],"wp:attachment":[{"href":"https:\/\/radio94fm.net\/site\/wp-json\/wp\/v2\/media?parent=30933"}],"wp:term":[{"taxonomy":"category","embeddable":true,"href":"https:\/\/radio94fm.net\/site\/wp-json\/wp\/v2\/categories?post=30933"},{"taxonomy":"post_tag","embeddable":true,"href":"https:\/\/radio94fm.net\/site\/wp-json\/wp\/v2\/tags?post=30933"}],"curies":[{"name":"wp","href":"https:\/\/api.w.org\/{rel}","templated":true}]}}