{"id":30925,"date":"2019-08-07T16:06:43","date_gmt":"2019-08-07T19:06:43","guid":{"rendered":"http:\/\/www.radio94fm.net\/site\/?p=30925"},"modified":"2019-08-07T16:06:43","modified_gmt":"2019-08-07T19:06:43","slug":"aniversario-do-8o-batalhao-foi-comemorado-com-operacao-policial-e-torneio","status":"publish","type":"post","link":"https:\/\/radio94fm.net\/site\/aniversario-do-8o-batalhao-foi-comemorado-com-operacao-policial-e-torneio\/","title":{"rendered":"Anivers\u00e1rio do 8\u00ba Batalh\u00e3o foi comemorado com opera\u00e7\u00e3o policial e torneio"},"content":{"rendered":"<p><img decoding=\"async\" src=\"https:\/\/www.radio94fm.net\/site\/wp-content\/uploads\/2016\/12\/FIQUE-POR-DENTRO-BANNER-DENTRO-2.gif\"><\/p>\n<p>&nbsp;<\/p>\n<p>&nbsp;<\/p>\n<p>&nbsp;<\/p>\n<p><span style=\"font-weight: 400;\">No \u00faltimo dia 11 de julho, o 8\u00ba Batalh\u00e3o de Pol\u00edcia Militar comemorou seu anivers\u00e1rio de 87 anos de funda\u00e7\u00e3o em Lavras. Desta vez, ao inv\u00e9s de uma solenidade, os militares comemoraram a data promovendo uma grande opera\u00e7\u00e3o policial nas 25 cidades que fazem parte da \u00e1rea de abrang\u00eancia do batalh\u00e3o. Clique abaixo para ouvir a mat\u00e9ria\u2026<\/span><\/p>\n<p>&nbsp;<\/p>\n<p>&nbsp;<\/p>\n<audio class=\"wp-audio-shortcode\" id=\"audio-30925-1\" preload=\"none\" style=\"width: 100%;\" controls=\"controls\"><source type=\"audio\/mpeg\" src=\"https:\/\/www.radio94fm.net\/site\/wp-content\/uploads\/2019\/08\/FPD-ANIVERSARIO-DO-8-o-BATALHAO-05-08-19-Pedro.mp3?_=1\" \/><a href=\"https:\/\/www.radio94fm.net\/site\/wp-content\/uploads\/2019\/08\/FPD-ANIVERSARIO-DO-8-o-BATALHAO-05-08-19-Pedro.mp3\">https:\/\/www.radio94fm.net\/site\/wp-content\/uploads\/2019\/08\/FPD-ANIVERSARIO-DO-8-o-BATALHAO-05-08-19-Pedro.mp3<\/a><\/audio>\n<p>&nbsp;<\/p>\n<p>&nbsp;<\/p>\n<p>&nbsp;<\/p>\n<p>&nbsp;<\/p>\n<p><img loading=\"lazy\" decoding=\"async\" title=\"\" src=\"https:\/\/www.radio94fm.net\/site\/wp-content\/uploads\/2017\/05\/FIQUE-POR-DENTRO-HORARIO-6-1.gif\" alt=\"\" width=\"604\" height=\"144\"><\/p>\n","protected":false},"excerpt":{"rendered":"<p>&nbsp; &nbsp; &nbsp; No \u00faltimo dia 11 de julho, o 8\u00ba Batalh\u00e3o de Pol\u00edcia Militar comemorou seu anivers\u00e1rio de 87 anos de funda\u00e7\u00e3o em Lavras. Desta vez, ao inv\u00e9s de uma solenidade, os militares comemoraram a data promovendo uma grande opera\u00e7\u00e3o policial nas 25 cidades que fazem parte da \u00e1rea de abrang\u00eancia do batalh\u00e3o. Clique&#8230;<\/p>\n","protected":false},"author":1,"featured_media":30927,"comment_status":"open","ping_status":"closed","sticky":false,"template":"","format":"standard","meta":{"ngg_post_thumbnail":0,"footnotes":""},"categories":[54],"tags":[],"class_list":["post-30925","post","type-post","status-publish","format-standard","has-post-thumbnail","hentry","category-fique-por-dentro","have-post-thumb"],"_links":{"self":[{"href":"https:\/\/radio94fm.net\/site\/wp-json\/wp\/v2\/posts\/30925","targetHints":{"allow":["GET"]}}],"collection":[{"href":"https:\/\/radio94fm.net\/site\/wp-json\/wp\/v2\/posts"}],"about":[{"href":"https:\/\/radio94fm.net\/site\/wp-json\/wp\/v2\/types\/post"}],"author":[{"embeddable":true,"href":"https:\/\/radio94fm.net\/site\/wp-json\/wp\/v2\/users\/1"}],"replies":[{"embeddable":true,"href":"https:\/\/radio94fm.net\/site\/wp-json\/wp\/v2\/comments?post=30925"}],"version-history":[{"count":0,"href":"https:\/\/radio94fm.net\/site\/wp-json\/wp\/v2\/posts\/30925\/revisions"}],"wp:attachment":[{"href":"https:\/\/radio94fm.net\/site\/wp-json\/wp\/v2\/media?parent=30925"}],"wp:term":[{"taxonomy":"category","embeddable":true,"href":"https:\/\/radio94fm.net\/site\/wp-json\/wp\/v2\/categories?post=30925"},{"taxonomy":"post_tag","embeddable":true,"href":"https:\/\/radio94fm.net\/site\/wp-json\/wp\/v2\/tags?post=30925"}],"curies":[{"name":"wp","href":"https:\/\/api.w.org\/{rel}","templated":true}]}}