{"id":30921,"date":"2019-08-07T16:05:10","date_gmt":"2019-08-07T19:05:10","guid":{"rendered":"http:\/\/www.radio94fm.net\/site\/?p=30921"},"modified":"2019-08-07T16:05:10","modified_gmt":"2019-08-07T19:05:10","slug":"novena-em-honra-a-nossa-senhora-da-gloria-comeca-na-proxima-sexta-feira","status":"publish","type":"post","link":"https:\/\/radio94fm.net\/site\/novena-em-honra-a-nossa-senhora-da-gloria-comeca-na-proxima-sexta-feira\/","title":{"rendered":"Novena em honra \u00e0 Nossa Senhora da Gl\u00f3ria come\u00e7a na pr\u00f3xima sexta-feira"},"content":{"rendered":"<p><img decoding=\"async\" src=\"https:\/\/www.radio94fm.net\/site\/wp-content\/uploads\/2016\/12\/FIQUE-POR-DENTRO-BANNER-DENTRO-2.gif\"><\/p>\n<p>&nbsp;<\/p>\n<p>&nbsp;<\/p>\n<p>&nbsp;<\/p>\n<p><span style=\"font-weight: 400;\">20 de agosto \u00e9 o dia de Nossa Senhora da Gl\u00f3ria, mas a partir da pr\u00f3xima sexta-feira, dia 9, a Comunidade de Nossa Senhora da Gl\u00f3ria inicia a novena em honra \u00e0 sua padroeira, com missas solenes, carreatas, e prociss\u00f5es que v\u00e3o se estender at\u00e9 o dia 18. Clique abaixo para ouvir a mat\u00e9ria\u2026<\/span><\/p>\n<p>&nbsp;<\/p>\n<p>&nbsp;<\/p>\n<p>&nbsp;<\/p>\n<audio class=\"wp-audio-shortcode\" id=\"audio-30921-1\" preload=\"none\" style=\"width: 100%;\" controls=\"controls\"><source type=\"audio\/mpeg\" src=\"https:\/\/www.radio94fm.net\/site\/wp-content\/uploads\/2019\/08\/FPD-NOVENA-NS-DA-GLORIA-02-08-19-Pedro.mp3?_=1\" \/><a href=\"https:\/\/www.radio94fm.net\/site\/wp-content\/uploads\/2019\/08\/FPD-NOVENA-NS-DA-GLORIA-02-08-19-Pedro.mp3\">https:\/\/www.radio94fm.net\/site\/wp-content\/uploads\/2019\/08\/FPD-NOVENA-NS-DA-GLORIA-02-08-19-Pedro.mp3<\/a><\/audio>\n<p>&nbsp;<\/p>\n<p>&nbsp;<\/p>\n<p>&nbsp;<\/p>\n<p>&nbsp;<\/p>\n<p><img loading=\"lazy\" decoding=\"async\" title=\"\" src=\"https:\/\/www.radio94fm.net\/site\/wp-content\/uploads\/2017\/05\/FIQUE-POR-DENTRO-HORARIO-6-1.gif\" alt=\"\" width=\"604\" height=\"144\"><\/p>\n","protected":false},"excerpt":{"rendered":"<p>&nbsp; &nbsp; &nbsp; 20 de agosto \u00e9 o dia de Nossa Senhora da Gl\u00f3ria, mas a partir da pr\u00f3xima sexta-feira, dia 9, a Comunidade de Nossa Senhora da Gl\u00f3ria inicia a novena em honra \u00e0 sua padroeira, com missas solenes, carreatas, e prociss\u00f5es que v\u00e3o se estender at\u00e9 o dia 18. Clique abaixo para ouvir&#8230;<\/p>\n","protected":false},"author":1,"featured_media":30923,"comment_status":"open","ping_status":"closed","sticky":false,"template":"","format":"standard","meta":{"ngg_post_thumbnail":0,"footnotes":""},"categories":[54],"tags":[],"class_list":["post-30921","post","type-post","status-publish","format-standard","has-post-thumbnail","hentry","category-fique-por-dentro","have-post-thumb"],"_links":{"self":[{"href":"https:\/\/radio94fm.net\/site\/wp-json\/wp\/v2\/posts\/30921","targetHints":{"allow":["GET"]}}],"collection":[{"href":"https:\/\/radio94fm.net\/site\/wp-json\/wp\/v2\/posts"}],"about":[{"href":"https:\/\/radio94fm.net\/site\/wp-json\/wp\/v2\/types\/post"}],"author":[{"embeddable":true,"href":"https:\/\/radio94fm.net\/site\/wp-json\/wp\/v2\/users\/1"}],"replies":[{"embeddable":true,"href":"https:\/\/radio94fm.net\/site\/wp-json\/wp\/v2\/comments?post=30921"}],"version-history":[{"count":0,"href":"https:\/\/radio94fm.net\/site\/wp-json\/wp\/v2\/posts\/30921\/revisions"}],"wp:attachment":[{"href":"https:\/\/radio94fm.net\/site\/wp-json\/wp\/v2\/media?parent=30921"}],"wp:term":[{"taxonomy":"category","embeddable":true,"href":"https:\/\/radio94fm.net\/site\/wp-json\/wp\/v2\/categories?post=30921"},{"taxonomy":"post_tag","embeddable":true,"href":"https:\/\/radio94fm.net\/site\/wp-json\/wp\/v2\/tags?post=30921"}],"curies":[{"name":"wp","href":"https:\/\/api.w.org\/{rel}","templated":true}]}}