{"id":30917,"date":"2019-08-07T16:03:38","date_gmt":"2019-08-07T19:03:38","guid":{"rendered":"http:\/\/www.radio94fm.net\/site\/?p=30917"},"modified":"2019-08-07T16:03:38","modified_gmt":"2019-08-07T19:03:38","slug":"hora-do-mamaco-vai-reunir-maes-e-filhos-na-praca-dro-augusto-silva-neste-sabado","status":"publish","type":"post","link":"https:\/\/radio94fm.net\/site\/hora-do-mamaco-vai-reunir-maes-e-filhos-na-praca-dro-augusto-silva-neste-sabado\/","title":{"rendered":"\u201cHora do Mama\u00e7o\u201d vai reunir m\u00e3es e filhos na pra\u00e7a Dr\u00ba Augusto Silva neste s\u00e1bado"},"content":{"rendered":"<p><img decoding=\"async\" src=\"https:\/\/www.radio94fm.net\/site\/wp-content\/uploads\/2016\/12\/FIQUE-POR-DENTRO-BANNER-DENTRO-2.gif\"><\/p>\n<p>&nbsp;<\/p>\n<p>&nbsp;<\/p>\n<p><span style=\"font-weight: 400;\">Neste s\u00e1bado, dia 3, vai acontecer a \u201cHora do Mama\u00e7o\u201d, na pra\u00e7a Dr\u00ba Augusto Silva, onde m\u00e3es v\u00e3o se reunir para amamentar publicamente seus beb\u00eas e divulgarem a import\u00e2ncia do aleitamento materno. O encontro integra as atividades ligadas \u00e0 \u201cSemana Mundial do Aleitamento Materno\u201d. Clique abaixo para ouvir a mat\u00e9ria\u2026<\/span><\/p>\n<p>&nbsp;<\/p>\n<p>&nbsp;<\/p>\n<p>&nbsp;<\/p>\n<audio class=\"wp-audio-shortcode\" id=\"audio-30917-1\" preload=\"none\" style=\"width: 100%;\" controls=\"controls\"><source type=\"audio\/mpeg\" src=\"https:\/\/www.radio94fm.net\/site\/wp-content\/uploads\/2019\/08\/FPD-HORA-DO-MAMACO-02-08-19-Pedro.mp3?_=1\" \/><a href=\"https:\/\/www.radio94fm.net\/site\/wp-content\/uploads\/2019\/08\/FPD-HORA-DO-MAMACO-02-08-19-Pedro.mp3\">https:\/\/www.radio94fm.net\/site\/wp-content\/uploads\/2019\/08\/FPD-HORA-DO-MAMACO-02-08-19-Pedro.mp3<\/a><\/audio>\n<p>&nbsp;<\/p>\n<p>&nbsp;<\/p>\n<p>&nbsp;<\/p>\n<p>&nbsp;<\/p>\n<p><img loading=\"lazy\" decoding=\"async\" title=\"\" src=\"https:\/\/www.radio94fm.net\/site\/wp-content\/uploads\/2017\/05\/FIQUE-POR-DENTRO-HORARIO-6-1.gif\" alt=\"\" width=\"604\" height=\"144\"><\/p>\n<p>&nbsp;<\/p>\n","protected":false},"excerpt":{"rendered":"<p>&nbsp; &nbsp; Neste s\u00e1bado, dia 3, vai acontecer a \u201cHora do Mama\u00e7o\u201d, na pra\u00e7a Dr\u00ba Augusto Silva, onde m\u00e3es v\u00e3o se reunir para amamentar publicamente seus beb\u00eas e divulgarem a import\u00e2ncia do aleitamento materno. O encontro integra as atividades ligadas \u00e0 \u201cSemana Mundial do Aleitamento Materno\u201d. Clique abaixo para ouvir a mat\u00e9ria\u2026 &nbsp; &nbsp; &nbsp;&#8230;<\/p>\n","protected":false},"author":1,"featured_media":30919,"comment_status":"open","ping_status":"closed","sticky":false,"template":"","format":"standard","meta":{"ngg_post_thumbnail":0,"footnotes":""},"categories":[54],"tags":[],"class_list":["post-30917","post","type-post","status-publish","format-standard","has-post-thumbnail","hentry","category-fique-por-dentro","have-post-thumb"],"_links":{"self":[{"href":"https:\/\/radio94fm.net\/site\/wp-json\/wp\/v2\/posts\/30917","targetHints":{"allow":["GET"]}}],"collection":[{"href":"https:\/\/radio94fm.net\/site\/wp-json\/wp\/v2\/posts"}],"about":[{"href":"https:\/\/radio94fm.net\/site\/wp-json\/wp\/v2\/types\/post"}],"author":[{"embeddable":true,"href":"https:\/\/radio94fm.net\/site\/wp-json\/wp\/v2\/users\/1"}],"replies":[{"embeddable":true,"href":"https:\/\/radio94fm.net\/site\/wp-json\/wp\/v2\/comments?post=30917"}],"version-history":[{"count":0,"href":"https:\/\/radio94fm.net\/site\/wp-json\/wp\/v2\/posts\/30917\/revisions"}],"wp:attachment":[{"href":"https:\/\/radio94fm.net\/site\/wp-json\/wp\/v2\/media?parent=30917"}],"wp:term":[{"taxonomy":"category","embeddable":true,"href":"https:\/\/radio94fm.net\/site\/wp-json\/wp\/v2\/categories?post=30917"},{"taxonomy":"post_tag","embeddable":true,"href":"https:\/\/radio94fm.net\/site\/wp-json\/wp\/v2\/tags?post=30917"}],"curies":[{"name":"wp","href":"https:\/\/api.w.org\/{rel}","templated":true}]}}