{"id":30885,"date":"2019-08-02T15:11:17","date_gmt":"2019-08-02T18:11:17","guid":{"rendered":"http:\/\/www.radio94fm.net\/site\/?p=30885"},"modified":"2019-08-02T15:11:17","modified_gmt":"2019-08-02T18:11:17","slug":"circulo-de-orquidofilos-de-lavras-realiza-duas-exposicoes-neste-mes","status":"publish","type":"post","link":"https:\/\/radio94fm.net\/site\/circulo-de-orquidofilos-de-lavras-realiza-duas-exposicoes-neste-mes\/","title":{"rendered":"C\u00edrculo de Orquid\u00f3filos de Lavras realiza duas exposi\u00e7\u00f5es neste m\u00eas"},"content":{"rendered":"<p><img decoding=\"async\" src=\"https:\/\/www.radio94fm.net\/site\/wp-content\/uploads\/2016\/12\/FIQUE-POR-DENTRO-BANNER-DENTRO-2.gif\"><\/p>\n<p>&nbsp;<\/p>\n<p>&nbsp;<\/p>\n<p>&nbsp;<\/p>\n<p><span style=\"font-weight: 400;\">O C\u00edrculo dos Orquid\u00f3filos de Lavras realiza neste m\u00eas, dois eventos gratuitos de exposi\u00e7\u00e3o de Orqu\u00eddeas na cidade. O primeiro acontece na Pra\u00e7a Augusto Silva no pr\u00f3ximo dia 11. A mostra \u00e9 uma pequena divulga\u00e7\u00e3o do que acontecer\u00e1 na d\u00e9cima nona Exposi\u00e7\u00e3o Nacional de Orqu\u00eddeas, em Lavras. Clique e confira a mat\u00e9ria:<\/span><\/p>\n<p>&nbsp;<\/p>\n<p>&nbsp;<\/p>\n<p>&nbsp;<\/p>\n<audio class=\"wp-audio-shortcode\" id=\"audio-30885-1\" preload=\"none\" style=\"width: 100%;\" controls=\"controls\"><source type=\"audio\/mpeg\" src=\"https:\/\/www.radio94fm.net\/site\/wp-content\/uploads\/2019\/08\/FPD-CIRCULO-ORQUIDOFILO-REALIZA-EXPOSICOES-01-08-19-Adelina.mp3?_=1\" \/><a href=\"https:\/\/www.radio94fm.net\/site\/wp-content\/uploads\/2019\/08\/FPD-CIRCULO-ORQUIDOFILO-REALIZA-EXPOSICOES-01-08-19-Adelina.mp3\">https:\/\/www.radio94fm.net\/site\/wp-content\/uploads\/2019\/08\/FPD-CIRCULO-ORQUIDOFILO-REALIZA-EXPOSICOES-01-08-19-Adelina.mp3<\/a><\/audio>\n<p>&nbsp;<\/p>\n<p>&nbsp;<\/p>\n<p>&nbsp;<\/p>\n<p>&nbsp;<\/p>\n<p><img loading=\"lazy\" decoding=\"async\" title=\"\" src=\"https:\/\/www.radio94fm.net\/site\/wp-content\/uploads\/2017\/05\/FIQUE-POR-DENTRO-HORARIO-6-1.gif\" alt=\"\" width=\"604\" height=\"144\"><\/p>\n","protected":false},"excerpt":{"rendered":"<p>&nbsp; &nbsp; &nbsp; O C\u00edrculo dos Orquid\u00f3filos de Lavras realiza neste m\u00eas, dois eventos gratuitos de exposi\u00e7\u00e3o de Orqu\u00eddeas na cidade. O primeiro acontece na Pra\u00e7a Augusto Silva no pr\u00f3ximo dia 11. A mostra \u00e9 uma pequena divulga\u00e7\u00e3o do que acontecer\u00e1 na d\u00e9cima nona Exposi\u00e7\u00e3o Nacional de Orqu\u00eddeas, em Lavras. Clique e confira a mat\u00e9ria:&#8230;<\/p>\n","protected":false},"author":1,"featured_media":30887,"comment_status":"open","ping_status":"closed","sticky":false,"template":"","format":"standard","meta":{"ngg_post_thumbnail":0,"footnotes":""},"categories":[54],"tags":[],"class_list":["post-30885","post","type-post","status-publish","format-standard","has-post-thumbnail","hentry","category-fique-por-dentro","have-post-thumb"],"_links":{"self":[{"href":"https:\/\/radio94fm.net\/site\/wp-json\/wp\/v2\/posts\/30885","targetHints":{"allow":["GET"]}}],"collection":[{"href":"https:\/\/radio94fm.net\/site\/wp-json\/wp\/v2\/posts"}],"about":[{"href":"https:\/\/radio94fm.net\/site\/wp-json\/wp\/v2\/types\/post"}],"author":[{"embeddable":true,"href":"https:\/\/radio94fm.net\/site\/wp-json\/wp\/v2\/users\/1"}],"replies":[{"embeddable":true,"href":"https:\/\/radio94fm.net\/site\/wp-json\/wp\/v2\/comments?post=30885"}],"version-history":[{"count":0,"href":"https:\/\/radio94fm.net\/site\/wp-json\/wp\/v2\/posts\/30885\/revisions"}],"wp:attachment":[{"href":"https:\/\/radio94fm.net\/site\/wp-json\/wp\/v2\/media?parent=30885"}],"wp:term":[{"taxonomy":"category","embeddable":true,"href":"https:\/\/radio94fm.net\/site\/wp-json\/wp\/v2\/categories?post=30885"},{"taxonomy":"post_tag","embeddable":true,"href":"https:\/\/radio94fm.net\/site\/wp-json\/wp\/v2\/tags?post=30885"}],"curies":[{"name":"wp","href":"https:\/\/api.w.org\/{rel}","templated":true}]}}