{"id":30881,"date":"2019-08-02T15:08:01","date_gmt":"2019-08-02T18:08:01","guid":{"rendered":"http:\/\/www.radio94fm.net\/site\/?p=30881"},"modified":"2019-08-02T15:08:01","modified_gmt":"2019-08-02T18:08:01","slug":"nucleo-de-sementes-da-ufla-desenvolve-projeto-de-horta-comunitaria-na-casa-de-transformacao-betania-em-lavras","status":"publish","type":"post","link":"https:\/\/radio94fm.net\/site\/nucleo-de-sementes-da-ufla-desenvolve-projeto-de-horta-comunitaria-na-casa-de-transformacao-betania-em-lavras\/","title":{"rendered":"N\u00facleo de Sementes da UFLA desenvolve projeto de Horta comunit\u00e1ria na Casa de Transforma\u00e7\u00e3o Bet\u00e2nia, em Lavras"},"content":{"rendered":"<p><img decoding=\"async\" src=\"https:\/\/www.radio94fm.net\/site\/wp-content\/uploads\/2016\/12\/FIQUE-POR-DENTRO-BANNER-DENTRO-2.gif\"><\/p>\n<p>&nbsp;<\/p>\n<p>&nbsp;<\/p>\n<p>&nbsp;<\/p>\n<p>&nbsp;<\/p>\n<p>&nbsp;<\/p>\n<p><span style=\"font-weight: 400;\">O N\u00facleo de Sementes da Universidade Federal de Lavras (NeSEM-UFLA) em parceria com a Empresa de Assist\u00eancia T\u00e9cnica e Extens\u00e3o Rural (Emater) e o Governo Municipal realizou o plantio de uma horta comunit\u00e1ria na Casa de Transforma\u00e7\u00e3o Bet\u00e2nia, que recupera dependentes qu\u00edmicos, no munic\u00edpio de Lavras. Clique e confira a mat\u00e9ria:<\/span><\/p>\n<p>&nbsp;<\/p>\n<p>&nbsp;<\/p>\n<p>&nbsp;<\/p>\n<audio class=\"wp-audio-shortcode\" id=\"audio-30881-1\" preload=\"none\" style=\"width: 100%;\" controls=\"controls\"><source type=\"audio\/mpeg\" src=\"https:\/\/www.radio94fm.net\/site\/wp-content\/uploads\/2019\/08\/FPD-HORTA-COMUNITARIA-25-07-19-Adelina.mp3?_=1\" \/><a href=\"https:\/\/www.radio94fm.net\/site\/wp-content\/uploads\/2019\/08\/FPD-HORTA-COMUNITARIA-25-07-19-Adelina.mp3\">https:\/\/www.radio94fm.net\/site\/wp-content\/uploads\/2019\/08\/FPD-HORTA-COMUNITARIA-25-07-19-Adelina.mp3<\/a><\/audio>\n<p>&nbsp;<\/p>\n<p>&nbsp;<\/p>\n<p>&nbsp;<\/p>\n<p>&nbsp;<\/p>\n<p>&nbsp;<\/p>\n<p><img loading=\"lazy\" decoding=\"async\" title=\"\" src=\"https:\/\/www.radio94fm.net\/site\/wp-content\/uploads\/2017\/05\/FIQUE-POR-DENTRO-HORARIO-6-1.gif\" alt=\"\" width=\"604\" height=\"144\"><\/p>\n","protected":false},"excerpt":{"rendered":"<p>&nbsp; &nbsp; &nbsp; &nbsp; &nbsp; O N\u00facleo de Sementes da Universidade Federal de Lavras (NeSEM-UFLA) em parceria com a Empresa de Assist\u00eancia T\u00e9cnica e Extens\u00e3o Rural (Emater) e o Governo Municipal realizou o plantio de uma horta comunit\u00e1ria na Casa de Transforma\u00e7\u00e3o Bet\u00e2nia, que recupera dependentes qu\u00edmicos, no munic\u00edpio de Lavras. Clique e confira a&#8230;<\/p>\n","protected":false},"author":1,"featured_media":30883,"comment_status":"open","ping_status":"closed","sticky":false,"template":"","format":"standard","meta":{"ngg_post_thumbnail":0,"footnotes":""},"categories":[54],"tags":[],"class_list":["post-30881","post","type-post","status-publish","format-standard","has-post-thumbnail","hentry","category-fique-por-dentro","have-post-thumb"],"_links":{"self":[{"href":"https:\/\/radio94fm.net\/site\/wp-json\/wp\/v2\/posts\/30881","targetHints":{"allow":["GET"]}}],"collection":[{"href":"https:\/\/radio94fm.net\/site\/wp-json\/wp\/v2\/posts"}],"about":[{"href":"https:\/\/radio94fm.net\/site\/wp-json\/wp\/v2\/types\/post"}],"author":[{"embeddable":true,"href":"https:\/\/radio94fm.net\/site\/wp-json\/wp\/v2\/users\/1"}],"replies":[{"embeddable":true,"href":"https:\/\/radio94fm.net\/site\/wp-json\/wp\/v2\/comments?post=30881"}],"version-history":[{"count":0,"href":"https:\/\/radio94fm.net\/site\/wp-json\/wp\/v2\/posts\/30881\/revisions"}],"wp:attachment":[{"href":"https:\/\/radio94fm.net\/site\/wp-json\/wp\/v2\/media?parent=30881"}],"wp:term":[{"taxonomy":"category","embeddable":true,"href":"https:\/\/radio94fm.net\/site\/wp-json\/wp\/v2\/categories?post=30881"},{"taxonomy":"post_tag","embeddable":true,"href":"https:\/\/radio94fm.net\/site\/wp-json\/wp\/v2\/tags?post=30881"}],"curies":[{"name":"wp","href":"https:\/\/api.w.org\/{rel}","templated":true}]}}