{"id":30873,"date":"2019-08-02T15:03:22","date_gmt":"2019-08-02T18:03:22","guid":{"rendered":"http:\/\/www.radio94fm.net\/site\/?p=30873"},"modified":"2019-08-02T15:03:22","modified_gmt":"2019-08-02T18:03:22","slug":"psicologa-alerta-para-importancia-de-debater-a-saude-mental-de-agentes-da-seguranca-publica","status":"publish","type":"post","link":"https:\/\/radio94fm.net\/site\/psicologa-alerta-para-importancia-de-debater-a-saude-mental-de-agentes-da-seguranca-publica\/","title":{"rendered":"Psic\u00f3loga alerta para import\u00e2ncia de debater a sa\u00fade mental de agentes da seguran\u00e7a p\u00fablica"},"content":{"rendered":"<p><img decoding=\"async\" src=\"https:\/\/www.radio94fm.net\/site\/wp-content\/uploads\/2016\/12\/FIQUE-POR-DENTRO-BANNER-DENTRO-2.gif\"><\/p>\n<p>&nbsp;<\/p>\n<p>&nbsp;<\/p>\n<p>&nbsp;<\/p>\n<p><span style=\"font-weight: 400;\">O d\u00e9ficit de policiais civis e militares no Estado de Minas j\u00e1 \u00e9 conhecido, mas a sobrecarga de trabalho, aliada a condi\u00e7\u00f5es muitas vezes prec\u00e1rias, principalmente para os agentes de seguran\u00e7a que atuam em unidades prisionais, tem trazido uma preocupa\u00e7\u00e3o a mais com a sa\u00fade mental dos servidores. Clique e confira a mat\u00e9ria:<\/span><\/p>\n<p>&nbsp;<\/p>\n<p>&nbsp;<\/p>\n<p>&nbsp;<\/p>\n<audio class=\"wp-audio-shortcode\" id=\"audio-30873-1\" preload=\"none\" style=\"width: 100%;\" controls=\"controls\"><source type=\"audio\/mpeg\" src=\"https:\/\/www.radio94fm.net\/site\/wp-content\/uploads\/2019\/08\/FPD-SAUDE-MENTAL-AGENTES-DE-SEGURANCA-29-07-19-Adelina.mp3?_=1\" \/><a href=\"https:\/\/www.radio94fm.net\/site\/wp-content\/uploads\/2019\/08\/FPD-SAUDE-MENTAL-AGENTES-DE-SEGURANCA-29-07-19-Adelina.mp3\">https:\/\/www.radio94fm.net\/site\/wp-content\/uploads\/2019\/08\/FPD-SAUDE-MENTAL-AGENTES-DE-SEGURANCA-29-07-19-Adelina.mp3<\/a><\/audio>\n","protected":false},"excerpt":{"rendered":"<p>&nbsp; &nbsp; &nbsp; O d\u00e9ficit de policiais civis e militares no Estado de Minas j\u00e1 \u00e9 conhecido, mas a sobrecarga de trabalho, aliada a condi\u00e7\u00f5es muitas vezes prec\u00e1rias, principalmente para os agentes de seguran\u00e7a que atuam em unidades prisionais, tem trazido uma preocupa\u00e7\u00e3o a mais com a sa\u00fade mental dos servidores. Clique e confira a&#8230;<\/p>\n","protected":false},"author":1,"featured_media":30875,"comment_status":"open","ping_status":"closed","sticky":false,"template":"","format":"standard","meta":{"ngg_post_thumbnail":0,"footnotes":""},"categories":[54],"tags":[],"class_list":["post-30873","post","type-post","status-publish","format-standard","has-post-thumbnail","hentry","category-fique-por-dentro","have-post-thumb"],"_links":{"self":[{"href":"https:\/\/radio94fm.net\/site\/wp-json\/wp\/v2\/posts\/30873","targetHints":{"allow":["GET"]}}],"collection":[{"href":"https:\/\/radio94fm.net\/site\/wp-json\/wp\/v2\/posts"}],"about":[{"href":"https:\/\/radio94fm.net\/site\/wp-json\/wp\/v2\/types\/post"}],"author":[{"embeddable":true,"href":"https:\/\/radio94fm.net\/site\/wp-json\/wp\/v2\/users\/1"}],"replies":[{"embeddable":true,"href":"https:\/\/radio94fm.net\/site\/wp-json\/wp\/v2\/comments?post=30873"}],"version-history":[{"count":0,"href":"https:\/\/radio94fm.net\/site\/wp-json\/wp\/v2\/posts\/30873\/revisions"}],"wp:attachment":[{"href":"https:\/\/radio94fm.net\/site\/wp-json\/wp\/v2\/media?parent=30873"}],"wp:term":[{"taxonomy":"category","embeddable":true,"href":"https:\/\/radio94fm.net\/site\/wp-json\/wp\/v2\/categories?post=30873"},{"taxonomy":"post_tag","embeddable":true,"href":"https:\/\/radio94fm.net\/site\/wp-json\/wp\/v2\/tags?post=30873"}],"curies":[{"name":"wp","href":"https:\/\/api.w.org\/{rel}","templated":true}]}}