{"id":30858,"date":"2019-07-30T16:20:12","date_gmt":"2019-07-30T19:20:12","guid":{"rendered":"http:\/\/www.radio94fm.net\/site\/?p=30858"},"modified":"2019-07-30T16:20:12","modified_gmt":"2019-07-30T19:20:12","slug":"lavras-e-ijaci-recebem-acao-do-sest-senat-em-comemoracao-ao-dia-do-motorista","status":"publish","type":"post","link":"https:\/\/radio94fm.net\/site\/lavras-e-ijaci-recebem-acao-do-sest-senat-em-comemoracao-ao-dia-do-motorista\/","title":{"rendered":"Lavras e Ijaci recebem a\u00e7\u00e3o do Sest Senat em comemora\u00e7\u00e3o ao Dia do Motorista"},"content":{"rendered":"<p><img decoding=\"async\" src=\"https:\/\/www.radio94fm.net\/site\/wp-content\/uploads\/2016\/12\/FIQUE-POR-DENTRO-BANNER-DENTRO-2.gif\"><\/p>\n<p>&nbsp;<\/p>\n<p>&nbsp;<\/p>\n<p>&nbsp;<\/p>\n<p><span style=\"font-weight: 400;\">Para comemorar o Dia do Motorista, o&nbsp; Servi\u00e7o Social do Transporte e o Servi\u00e7o Nacional de Aprendizagem do Transporte &#8211; SEST SENAT realiza uma grande a\u00e7\u00e3o nacional de cuidados com o bem-estar dos caminhoneiros, motoristas de \u00f4nibus e taxistas do Brasil.&nbsp; Clique e confira a mat\u00e9ria:<\/span><\/p>\n<p>&nbsp;<\/p>\n<p>&nbsp;<\/p>\n<p>&nbsp;<\/p>\n<audio class=\"wp-audio-shortcode\" id=\"audio-30858-1\" preload=\"none\" style=\"width: 100%;\" controls=\"controls\"><source type=\"audio\/mpeg\" src=\"https:\/\/www.radio94fm.net\/site\/wp-content\/uploads\/2019\/07\/FPD-SEST-SENAT-DIA-DO-MOTORISTA-23-07-19-Adelina.mp3?_=1\" \/><a href=\"https:\/\/www.radio94fm.net\/site\/wp-content\/uploads\/2019\/07\/FPD-SEST-SENAT-DIA-DO-MOTORISTA-23-07-19-Adelina.mp3\">https:\/\/www.radio94fm.net\/site\/wp-content\/uploads\/2019\/07\/FPD-SEST-SENAT-DIA-DO-MOTORISTA-23-07-19-Adelina.mp3<\/a><\/audio>\n<p>&nbsp;<\/p>\n<p>&nbsp;<\/p>\n<p>&nbsp;<\/p>\n<p>&nbsp;<\/p>\n<p><img loading=\"lazy\" decoding=\"async\" title=\"\" src=\"https:\/\/www.radio94fm.net\/site\/wp-content\/uploads\/2017\/05\/FIQUE-POR-DENTRO-HORARIO-6-1.gif\" alt=\"\" width=\"604\" height=\"144\"><\/p>\n","protected":false},"excerpt":{"rendered":"<p>&nbsp; &nbsp; &nbsp; Para comemorar o Dia do Motorista, o&nbsp; Servi\u00e7o Social do Transporte e o Servi\u00e7o Nacional de Aprendizagem do Transporte &#8211; SEST SENAT realiza uma grande a\u00e7\u00e3o nacional de cuidados com o bem-estar dos caminhoneiros, motoristas de \u00f4nibus e taxistas do Brasil.&nbsp; Clique e confira a mat\u00e9ria: &nbsp; &nbsp; &nbsp; &nbsp; &nbsp; &nbsp;&#8230;<\/p>\n","protected":false},"author":1,"featured_media":30860,"comment_status":"open","ping_status":"closed","sticky":false,"template":"","format":"standard","meta":{"ngg_post_thumbnail":0,"footnotes":""},"categories":[54],"tags":[],"class_list":["post-30858","post","type-post","status-publish","format-standard","has-post-thumbnail","hentry","category-fique-por-dentro","have-post-thumb"],"_links":{"self":[{"href":"https:\/\/radio94fm.net\/site\/wp-json\/wp\/v2\/posts\/30858","targetHints":{"allow":["GET"]}}],"collection":[{"href":"https:\/\/radio94fm.net\/site\/wp-json\/wp\/v2\/posts"}],"about":[{"href":"https:\/\/radio94fm.net\/site\/wp-json\/wp\/v2\/types\/post"}],"author":[{"embeddable":true,"href":"https:\/\/radio94fm.net\/site\/wp-json\/wp\/v2\/users\/1"}],"replies":[{"embeddable":true,"href":"https:\/\/radio94fm.net\/site\/wp-json\/wp\/v2\/comments?post=30858"}],"version-history":[{"count":0,"href":"https:\/\/radio94fm.net\/site\/wp-json\/wp\/v2\/posts\/30858\/revisions"}],"wp:attachment":[{"href":"https:\/\/radio94fm.net\/site\/wp-json\/wp\/v2\/media?parent=30858"}],"wp:term":[{"taxonomy":"category","embeddable":true,"href":"https:\/\/radio94fm.net\/site\/wp-json\/wp\/v2\/categories?post=30858"},{"taxonomy":"post_tag","embeddable":true,"href":"https:\/\/radio94fm.net\/site\/wp-json\/wp\/v2\/tags?post=30858"}],"curies":[{"name":"wp","href":"https:\/\/api.w.org\/{rel}","templated":true}]}}