{"id":30854,"date":"2019-07-30T16:17:04","date_gmt":"2019-07-30T19:17:04","guid":{"rendered":"http:\/\/www.radio94fm.net\/site\/?p=30854"},"modified":"2019-07-30T16:17:04","modified_gmt":"2019-07-30T19:17:04","slug":"julho-amarelo-tem-acoes-de-conscientizacao-sobre-hepatite-em-todo-brasil","status":"publish","type":"post","link":"https:\/\/radio94fm.net\/site\/julho-amarelo-tem-acoes-de-conscientizacao-sobre-hepatite-em-todo-brasil\/","title":{"rendered":"Julho Amarelo tem a\u00e7\u00f5es de conscientiza\u00e7\u00e3o sobre hepatite em todo Brasil"},"content":{"rendered":"<p><img decoding=\"async\" src=\"https:\/\/www.radio94fm.net\/site\/wp-content\/uploads\/2016\/12\/FIQUE-POR-DENTRO-BANNER-DENTRO-2.gif\"><\/p>\n<p>&nbsp;<\/p>\n<p>&nbsp;<\/p>\n<p><span style=\"font-weight: 400;\">A campanha Julho Amarelo, encabe\u00e7ada pelo Minist\u00e9rio da Sa\u00fade, <\/span><span style=\"font-weight: 400;\">tem como objetivo conscientizar a popula\u00e7\u00e3o sobre a preven\u00e7\u00e3o contra as Hepatites Virais, a import\u00e2ncia do diagn\u00f3stico e tratamento dessas doen\u00e7as. Clique e confira a entrevista:<\/span><\/p>\n<p>&nbsp;<\/p>\n<p>&nbsp;<\/p>\n<audio class=\"wp-audio-shortcode\" id=\"audio-30854-1\" preload=\"none\" style=\"width: 100%;\" controls=\"controls\"><source type=\"audio\/mpeg\" src=\"https:\/\/www.radio94fm.net\/site\/wp-content\/uploads\/2019\/07\/FPD-HEPATITE-JULHO-AMARELO-25-07-19-Talita.mp3?_=1\" \/><a href=\"https:\/\/www.radio94fm.net\/site\/wp-content\/uploads\/2019\/07\/FPD-HEPATITE-JULHO-AMARELO-25-07-19-Talita.mp3\">https:\/\/www.radio94fm.net\/site\/wp-content\/uploads\/2019\/07\/FPD-HEPATITE-JULHO-AMARELO-25-07-19-Talita.mp3<\/a><\/audio>\n<p>&nbsp;<\/p>\n<p>&nbsp;<\/p>\n<p>&nbsp;<\/p>\n<p><img loading=\"lazy\" decoding=\"async\" title=\"\" src=\"https:\/\/www.radio94fm.net\/site\/wp-content\/uploads\/2017\/05\/FIQUE-POR-DENTRO-HORARIO-6-1.gif\" alt=\"\" width=\"604\" height=\"144\"><\/p>\n","protected":false},"excerpt":{"rendered":"<p>&nbsp; &nbsp; A campanha Julho Amarelo, encabe\u00e7ada pelo Minist\u00e9rio da Sa\u00fade, tem como objetivo conscientizar a popula\u00e7\u00e3o sobre a preven\u00e7\u00e3o contra as Hepatites Virais, a import\u00e2ncia do diagn\u00f3stico e tratamento dessas doen\u00e7as. Clique e confira a entrevista: &nbsp; &nbsp; &nbsp; &nbsp; &nbsp;<\/p>\n","protected":false},"author":1,"featured_media":30856,"comment_status":"open","ping_status":"closed","sticky":false,"template":"","format":"standard","meta":{"ngg_post_thumbnail":0,"footnotes":""},"categories":[54],"tags":[],"class_list":["post-30854","post","type-post","status-publish","format-standard","has-post-thumbnail","hentry","category-fique-por-dentro","have-post-thumb"],"_links":{"self":[{"href":"https:\/\/radio94fm.net\/site\/wp-json\/wp\/v2\/posts\/30854","targetHints":{"allow":["GET"]}}],"collection":[{"href":"https:\/\/radio94fm.net\/site\/wp-json\/wp\/v2\/posts"}],"about":[{"href":"https:\/\/radio94fm.net\/site\/wp-json\/wp\/v2\/types\/post"}],"author":[{"embeddable":true,"href":"https:\/\/radio94fm.net\/site\/wp-json\/wp\/v2\/users\/1"}],"replies":[{"embeddable":true,"href":"https:\/\/radio94fm.net\/site\/wp-json\/wp\/v2\/comments?post=30854"}],"version-history":[{"count":0,"href":"https:\/\/radio94fm.net\/site\/wp-json\/wp\/v2\/posts\/30854\/revisions"}],"wp:attachment":[{"href":"https:\/\/radio94fm.net\/site\/wp-json\/wp\/v2\/media?parent=30854"}],"wp:term":[{"taxonomy":"category","embeddable":true,"href":"https:\/\/radio94fm.net\/site\/wp-json\/wp\/v2\/categories?post=30854"},{"taxonomy":"post_tag","embeddable":true,"href":"https:\/\/radio94fm.net\/site\/wp-json\/wp\/v2\/tags?post=30854"}],"curies":[{"name":"wp","href":"https:\/\/api.w.org\/{rel}","templated":true}]}}