{"id":30824,"date":"2019-07-19T15:17:29","date_gmt":"2019-07-19T18:17:29","guid":{"rendered":"http:\/\/www.radio94fm.net\/site\/?p=30824"},"modified":"2019-07-19T15:17:29","modified_gmt":"2019-07-19T18:17:29","slug":"dia-do-amigo-e-comemorado-em-20-de-julho","status":"publish","type":"post","link":"https:\/\/radio94fm.net\/site\/dia-do-amigo-e-comemorado-em-20-de-julho\/","title":{"rendered":"Dia do Amigo \u00e9 comemorado em 20 de julho"},"content":{"rendered":"<p><img decoding=\"async\" src=\"https:\/\/www.radio94fm.net\/site\/wp-content\/uploads\/2016\/12\/FIQUE-POR-DENTRO-BANNER-DENTRO-2.gif\"><\/p>\n<p>&nbsp;<\/p>\n<p>&nbsp;<\/p>\n<p>&nbsp;<\/p>\n<p>&nbsp;<\/p>\n<p><span style=\"font-weight: 400;\">O Dia do Amigo \u00e9 comemorado dia 20 de julho. A data comemorativa foi criada na Argentina pelo m\u00e9dica Enrique Ernesto Febbraro no ano de 1969. O fil\u00f3sofo Arist\u00f3teles em 300 antes de Cristo, j\u00e1 afirmava que o ser humano \u00e9 um animal social. Estudos cient\u00edficos comprovam que sem conv\u00edvio, o ser humano fica desestruturado emocionalmente, pois as dificuldades, quando n\u00e3o compartilhadas, parecem maiores. Clique e confira a mat\u00e9ria:<\/span><\/p>\n<p>&nbsp;<\/p>\n<p>&nbsp;<\/p>\n<p>&nbsp;<\/p>\n<audio class=\"wp-audio-shortcode\" id=\"audio-30824-1\" preload=\"none\" style=\"width: 100%;\" controls=\"controls\"><source type=\"audio\/mpeg\" src=\"https:\/\/www.radio94fm.net\/site\/wp-content\/uploads\/2019\/07\/FPD-PSICOLOGA-FALA-SOBRE-AMIZADE-19-07-19-Talita.mp3?_=1\" \/><a href=\"https:\/\/www.radio94fm.net\/site\/wp-content\/uploads\/2019\/07\/FPD-PSICOLOGA-FALA-SOBRE-AMIZADE-19-07-19-Talita.mp3\">https:\/\/www.radio94fm.net\/site\/wp-content\/uploads\/2019\/07\/FPD-PSICOLOGA-FALA-SOBRE-AMIZADE-19-07-19-Talita.mp3<\/a><\/audio>\n<p>&nbsp;<\/p>\n<p>&nbsp;<\/p>\n<p>&nbsp;<\/p>\n<p>&nbsp;<\/p>\n<p><img loading=\"lazy\" decoding=\"async\" title=\"\" src=\"https:\/\/www.radio94fm.net\/site\/wp-content\/uploads\/2017\/05\/FIQUE-POR-DENTRO-HORARIO-6-1.gif\" alt=\"\" width=\"604\" height=\"144\"><\/p>\n","protected":false},"excerpt":{"rendered":"<p>&nbsp; &nbsp; &nbsp; &nbsp; O Dia do Amigo \u00e9 comemorado dia 20 de julho. A data comemorativa foi criada na Argentina pelo m\u00e9dica Enrique Ernesto Febbraro no ano de 1969. O fil\u00f3sofo Arist\u00f3teles em 300 antes de Cristo, j\u00e1 afirmava que o ser humano \u00e9 um animal social. Estudos cient\u00edficos comprovam que sem conv\u00edvio, o&#8230;<\/p>\n","protected":false},"author":1,"featured_media":30826,"comment_status":"open","ping_status":"closed","sticky":false,"template":"","format":"standard","meta":{"ngg_post_thumbnail":0,"footnotes":""},"categories":[54],"tags":[],"class_list":["post-30824","post","type-post","status-publish","format-standard","has-post-thumbnail","hentry","category-fique-por-dentro","have-post-thumb"],"_links":{"self":[{"href":"https:\/\/radio94fm.net\/site\/wp-json\/wp\/v2\/posts\/30824","targetHints":{"allow":["GET"]}}],"collection":[{"href":"https:\/\/radio94fm.net\/site\/wp-json\/wp\/v2\/posts"}],"about":[{"href":"https:\/\/radio94fm.net\/site\/wp-json\/wp\/v2\/types\/post"}],"author":[{"embeddable":true,"href":"https:\/\/radio94fm.net\/site\/wp-json\/wp\/v2\/users\/1"}],"replies":[{"embeddable":true,"href":"https:\/\/radio94fm.net\/site\/wp-json\/wp\/v2\/comments?post=30824"}],"version-history":[{"count":0,"href":"https:\/\/radio94fm.net\/site\/wp-json\/wp\/v2\/posts\/30824\/revisions"}],"wp:attachment":[{"href":"https:\/\/radio94fm.net\/site\/wp-json\/wp\/v2\/media?parent=30824"}],"wp:term":[{"taxonomy":"category","embeddable":true,"href":"https:\/\/radio94fm.net\/site\/wp-json\/wp\/v2\/categories?post=30824"},{"taxonomy":"post_tag","embeddable":true,"href":"https:\/\/radio94fm.net\/site\/wp-json\/wp\/v2\/tags?post=30824"}],"curies":[{"name":"wp","href":"https:\/\/api.w.org\/{rel}","templated":true}]}}