{"id":30811,"date":"2019-07-19T15:10:37","date_gmt":"2019-07-19T18:10:37","guid":{"rendered":"http:\/\/www.radio94fm.net\/site\/?p=30811"},"modified":"2019-07-19T15:10:37","modified_gmt":"2019-07-19T18:10:37","slug":"alvos-da-operacao-octopus-sao-denunciados-pelo-ministerio-publico","status":"publish","type":"post","link":"https:\/\/radio94fm.net\/site\/alvos-da-operacao-octopus-sao-denunciados-pelo-ministerio-publico\/","title":{"rendered":"Alvos da Opera\u00e7\u00e3o Octopus s\u00e3o denunciados pelo Minist\u00e9rio P\u00fablico"},"content":{"rendered":"<p><img decoding=\"async\" src=\"https:\/\/www.radio94fm.net\/site\/wp-content\/uploads\/2016\/12\/FIQUE-POR-DENTRO-BANNER-DENTRO-2.gif\"><\/p>\n<p>&nbsp;<\/p>\n<p>&nbsp;<\/p>\n<p><span style=\"font-weight: 400;\">O Minist\u00e9rio P\u00fablico de Minas Gerais, por meio do Grupo de Atua\u00e7\u00e3o Especial de Combate ao Crime Organizado (Gaeco) &#8211; Varginha e Passos &#8211; e da Promotoria de Justi\u00e7a de Defesa do Patrim\u00f4nio P\u00fablico de Lavras, ofereceu, nesta quinta-feira, dia 18, duas den\u00fancias decorrentes da Opera\u00e7\u00e3o Octopus, realizada em abril deste ano em Lavras para a apura\u00e7\u00e3o de crimes no munic\u00edpio.&nbsp; Clique e confira a reportagem:<\/span><\/p>\n<p>&nbsp;<\/p>\n<p>&nbsp;<\/p>\n<audio class=\"wp-audio-shortcode\" id=\"audio-30811-1\" preload=\"none\" style=\"width: 100%;\" controls=\"controls\"><source type=\"audio\/mpeg\" src=\"https:\/\/www.radio94fm.net\/site\/wp-content\/uploads\/2019\/07\/FPD-MPMG-OPERACAO-OCTOPUS-18-07-19-Adelina.mp3?_=1\" \/><a href=\"https:\/\/www.radio94fm.net\/site\/wp-content\/uploads\/2019\/07\/FPD-MPMG-OPERACAO-OCTOPUS-18-07-19-Adelina.mp3\">https:\/\/www.radio94fm.net\/site\/wp-content\/uploads\/2019\/07\/FPD-MPMG-OPERACAO-OCTOPUS-18-07-19-Adelina.mp3<\/a><\/audio>\n<p>&nbsp;<\/p>\n<p>&nbsp;<\/p>\n<p>&nbsp;<\/p>\n<p>&nbsp;<\/p>\n<p><img loading=\"lazy\" decoding=\"async\" title=\"\" src=\"https:\/\/www.radio94fm.net\/site\/wp-content\/uploads\/2017\/05\/FIQUE-POR-DENTRO-HORARIO-6-1.gif\" alt=\"\" width=\"604\" height=\"144\"><\/p>\n","protected":false},"excerpt":{"rendered":"<p>&nbsp; &nbsp; O Minist\u00e9rio P\u00fablico de Minas Gerais, por meio do Grupo de Atua\u00e7\u00e3o Especial de Combate ao Crime Organizado (Gaeco) &#8211; Varginha e Passos &#8211; e da Promotoria de Justi\u00e7a de Defesa do Patrim\u00f4nio P\u00fablico de Lavras, ofereceu, nesta quinta-feira, dia 18, duas den\u00fancias decorrentes da Opera\u00e7\u00e3o Octopus, realizada em abril deste ano em&#8230;<\/p>\n","protected":false},"author":1,"featured_media":30813,"comment_status":"open","ping_status":"closed","sticky":false,"template":"","format":"standard","meta":{"ngg_post_thumbnail":0,"footnotes":""},"categories":[54],"tags":[],"class_list":["post-30811","post","type-post","status-publish","format-standard","has-post-thumbnail","hentry","category-fique-por-dentro","have-post-thumb"],"_links":{"self":[{"href":"https:\/\/radio94fm.net\/site\/wp-json\/wp\/v2\/posts\/30811","targetHints":{"allow":["GET"]}}],"collection":[{"href":"https:\/\/radio94fm.net\/site\/wp-json\/wp\/v2\/posts"}],"about":[{"href":"https:\/\/radio94fm.net\/site\/wp-json\/wp\/v2\/types\/post"}],"author":[{"embeddable":true,"href":"https:\/\/radio94fm.net\/site\/wp-json\/wp\/v2\/users\/1"}],"replies":[{"embeddable":true,"href":"https:\/\/radio94fm.net\/site\/wp-json\/wp\/v2\/comments?post=30811"}],"version-history":[{"count":0,"href":"https:\/\/radio94fm.net\/site\/wp-json\/wp\/v2\/posts\/30811\/revisions"}],"wp:attachment":[{"href":"https:\/\/radio94fm.net\/site\/wp-json\/wp\/v2\/media?parent=30811"}],"wp:term":[{"taxonomy":"category","embeddable":true,"href":"https:\/\/radio94fm.net\/site\/wp-json\/wp\/v2\/categories?post=30811"},{"taxonomy":"post_tag","embeddable":true,"href":"https:\/\/radio94fm.net\/site\/wp-json\/wp\/v2\/tags?post=30811"}],"curies":[{"name":"wp","href":"https:\/\/api.w.org\/{rel}","templated":true}]}}