{"id":30793,"date":"2019-07-17T13:10:43","date_gmt":"2019-07-17T16:10:43","guid":{"rendered":"http:\/\/www.radio94fm.net\/site\/?p=30793"},"modified":"2019-07-17T13:10:43","modified_gmt":"2019-07-17T16:10:43","slug":"artesanato-em-trico-e-outros-projetos-sociais-mudam-realidade-de-presos-em-lavras-e-beneficiam-a-comunidade","status":"publish","type":"post","link":"https:\/\/radio94fm.net\/site\/artesanato-em-trico-e-outros-projetos-sociais-mudam-realidade-de-presos-em-lavras-e-beneficiam-a-comunidade\/","title":{"rendered":"Artesanato em tric\u00f4 e outros projetos sociais mudam realidade de presos em Lavras e beneficiam a comunidade"},"content":{"rendered":"<p><img decoding=\"async\" src=\"https:\/\/www.radio94fm.net\/site\/wp-content\/uploads\/2016\/12\/FIQUE-POR-DENTRO-BANNER-DENTRO-2.gif\"><\/p>\n<p>&nbsp;<\/p>\n<p>&nbsp;<\/p>\n<p><span style=\"font-weight: 400;\">Alguns erros podem prejudicar sonhos e at\u00e9 aprisionar a liberdade. Quem cumpre pena conta os segundos, os minutos, as horas, os dias e os meses de anos que parecem n\u00e3o passar.&nbsp;<\/span><\/p>\n<p>De acordo com dados do Minist\u00e9rio da Justi\u00e7a, apenas dois em cada dez presos trabalham e o maior problema para isso acontecer seria a falta de oficinas. A capacita\u00e7\u00e3o, entretanto, \u00e9 poss\u00edvel gra\u00e7as a projetos volunt\u00e1rios como o \u201cInverno Solid\u00e1rio\u201d, desenvolvido na Unidade Prisional de Lavras, pelo qual detentos aprendem a arte do tric\u00f4 e o resultado do trabalho \u00e9 convertido para asilos e outras institui\u00e7\u00f5es filantr\u00f3picas do munic\u00edpio. Clique e confira a mat\u00e9ria:<\/p>\n<p>&nbsp;<\/p>\n<p>&nbsp;<\/p>\n<audio class=\"wp-audio-shortcode\" id=\"audio-30793-1\" preload=\"none\" style=\"width: 100%;\" controls=\"controls\"><source type=\"audio\/mpeg\" src=\"https:\/\/www.radio94fm.net\/site\/wp-content\/uploads\/2019\/07\/FPD-PRESOS-FAZEM-ARTESANATO-EM-TRICO-15-07-19-Adelina.mp3?_=1\" \/><a href=\"https:\/\/www.radio94fm.net\/site\/wp-content\/uploads\/2019\/07\/FPD-PRESOS-FAZEM-ARTESANATO-EM-TRICO-15-07-19-Adelina.mp3\">https:\/\/www.radio94fm.net\/site\/wp-content\/uploads\/2019\/07\/FPD-PRESOS-FAZEM-ARTESANATO-EM-TRICO-15-07-19-Adelina.mp3<\/a><\/audio>\n<p>&nbsp;<\/p>\n<p>&nbsp;<\/p>\n<p>&nbsp;<\/p>\n<p><img loading=\"lazy\" decoding=\"async\" title=\"\" src=\"https:\/\/www.radio94fm.net\/site\/wp-content\/uploads\/2017\/05\/FIQUE-POR-DENTRO-HORARIO-6-1.gif\" alt=\"\" width=\"604\" height=\"144\"><\/p>\n","protected":false},"excerpt":{"rendered":"<p>&nbsp; &nbsp; Alguns erros podem prejudicar sonhos e at\u00e9 aprisionar a liberdade. Quem cumpre pena conta os segundos, os minutos, as horas, os dias e os meses de anos que parecem n\u00e3o passar.&nbsp; De acordo com dados do Minist\u00e9rio da Justi\u00e7a, apenas dois em cada dez presos trabalham e o maior problema para isso acontecer&#8230;<\/p>\n","protected":false},"author":1,"featured_media":30795,"comment_status":"open","ping_status":"closed","sticky":false,"template":"","format":"standard","meta":{"ngg_post_thumbnail":0,"footnotes":""},"categories":[54],"tags":[],"class_list":["post-30793","post","type-post","status-publish","format-standard","has-post-thumbnail","hentry","category-fique-por-dentro","have-post-thumb"],"_links":{"self":[{"href":"https:\/\/radio94fm.net\/site\/wp-json\/wp\/v2\/posts\/30793","targetHints":{"allow":["GET"]}}],"collection":[{"href":"https:\/\/radio94fm.net\/site\/wp-json\/wp\/v2\/posts"}],"about":[{"href":"https:\/\/radio94fm.net\/site\/wp-json\/wp\/v2\/types\/post"}],"author":[{"embeddable":true,"href":"https:\/\/radio94fm.net\/site\/wp-json\/wp\/v2\/users\/1"}],"replies":[{"embeddable":true,"href":"https:\/\/radio94fm.net\/site\/wp-json\/wp\/v2\/comments?post=30793"}],"version-history":[{"count":0,"href":"https:\/\/radio94fm.net\/site\/wp-json\/wp\/v2\/posts\/30793\/revisions"}],"wp:attachment":[{"href":"https:\/\/radio94fm.net\/site\/wp-json\/wp\/v2\/media?parent=30793"}],"wp:term":[{"taxonomy":"category","embeddable":true,"href":"https:\/\/radio94fm.net\/site\/wp-json\/wp\/v2\/categories?post=30793"},{"taxonomy":"post_tag","embeddable":true,"href":"https:\/\/radio94fm.net\/site\/wp-json\/wp\/v2\/tags?post=30793"}],"curies":[{"name":"wp","href":"https:\/\/api.w.org\/{rel}","templated":true}]}}