{"id":30780,"date":"2019-07-11T15:48:54","date_gmt":"2019-07-11T18:48:54","guid":{"rendered":"http:\/\/www.radio94fm.net\/site\/?p=30780"},"modified":"2019-07-11T15:48:54","modified_gmt":"2019-07-11T18:48:54","slug":"evangelicos-aumentam-representacao-na-camara-e-relacao-de-religiao-com-politica-gera-debate","status":"publish","type":"post","link":"https:\/\/radio94fm.net\/site\/evangelicos-aumentam-representacao-na-camara-e-relacao-de-religiao-com-politica-gera-debate\/","title":{"rendered":"Evang\u00e9licos aumentam representa\u00e7\u00e3o na C\u00e2mara e rela\u00e7\u00e3o de religi\u00e3o com pol\u00edtica gera debate"},"content":{"rendered":"<p><img decoding=\"async\" src=\"https:\/\/www.radio94fm.net\/site\/wp-content\/uploads\/2016\/12\/FIQUE-POR-DENTRO-BANNER-DENTRO-2.gif\"><\/p>\n<p>&nbsp;<\/p>\n<p>&nbsp;<\/p>\n<p><span style=\"font-weight: 400;\">Os evang\u00e9licos vem crescendo nas \u00faltimas d\u00e9cadas e ultimamente t\u00eam tido expressiva participa\u00e7\u00e3o na pol\u00edtica. A chamada bancada evang\u00e9lica elegeu em 2018, 91 congressistas que somam senadores e deputados que integram o Congresso Nacional. A frente, afirma se basear na B\u00edblia para legislar o Brasil. Clique e confira a mat\u00e9ria:<\/span><\/p>\n<p>&nbsp;<\/p>\n<p>&nbsp;<\/p>\n<audio class=\"wp-audio-shortcode\" id=\"audio-30780-1\" preload=\"none\" style=\"width: 100%;\" controls=\"controls\"><source type=\"audio\/mpeg\" src=\"https:\/\/www.radio94fm.net\/site\/wp-content\/uploads\/2019\/07\/FPD-EVANGELICOS-NA-CAMARA-26-06-19-Talita.mp3?_=1\" \/><a href=\"https:\/\/www.radio94fm.net\/site\/wp-content\/uploads\/2019\/07\/FPD-EVANGELICOS-NA-CAMARA-26-06-19-Talita.mp3\">https:\/\/www.radio94fm.net\/site\/wp-content\/uploads\/2019\/07\/FPD-EVANGELICOS-NA-CAMARA-26-06-19-Talita.mp3<\/a><\/audio>\n<p>&nbsp;<\/p>\n<p>&nbsp;<\/p>\n<p>&nbsp;<\/p>\n<p>&nbsp;<\/p>\n<p><img loading=\"lazy\" decoding=\"async\" title=\"\" src=\"https:\/\/www.radio94fm.net\/site\/wp-content\/uploads\/2017\/05\/FIQUE-POR-DENTRO-HORARIO-6-1.gif\" alt=\"\" width=\"604\" height=\"144\"><\/p>\n","protected":false},"excerpt":{"rendered":"<p>&nbsp; &nbsp; Os evang\u00e9licos vem crescendo nas \u00faltimas d\u00e9cadas e ultimamente t\u00eam tido expressiva participa\u00e7\u00e3o na pol\u00edtica. A chamada bancada evang\u00e9lica elegeu em 2018, 91 congressistas que somam senadores e deputados que integram o Congresso Nacional. A frente, afirma se basear na B\u00edblia para legislar o Brasil. Clique e confira a mat\u00e9ria: &nbsp; &nbsp; &nbsp;&#8230;<\/p>\n","protected":false},"author":1,"featured_media":30782,"comment_status":"open","ping_status":"closed","sticky":false,"template":"","format":"standard","meta":{"ngg_post_thumbnail":0,"footnotes":""},"categories":[54],"tags":[],"class_list":["post-30780","post","type-post","status-publish","format-standard","has-post-thumbnail","hentry","category-fique-por-dentro","have-post-thumb"],"_links":{"self":[{"href":"https:\/\/radio94fm.net\/site\/wp-json\/wp\/v2\/posts\/30780","targetHints":{"allow":["GET"]}}],"collection":[{"href":"https:\/\/radio94fm.net\/site\/wp-json\/wp\/v2\/posts"}],"about":[{"href":"https:\/\/radio94fm.net\/site\/wp-json\/wp\/v2\/types\/post"}],"author":[{"embeddable":true,"href":"https:\/\/radio94fm.net\/site\/wp-json\/wp\/v2\/users\/1"}],"replies":[{"embeddable":true,"href":"https:\/\/radio94fm.net\/site\/wp-json\/wp\/v2\/comments?post=30780"}],"version-history":[{"count":0,"href":"https:\/\/radio94fm.net\/site\/wp-json\/wp\/v2\/posts\/30780\/revisions"}],"wp:attachment":[{"href":"https:\/\/radio94fm.net\/site\/wp-json\/wp\/v2\/media?parent=30780"}],"wp:term":[{"taxonomy":"category","embeddable":true,"href":"https:\/\/radio94fm.net\/site\/wp-json\/wp\/v2\/categories?post=30780"},{"taxonomy":"post_tag","embeddable":true,"href":"https:\/\/radio94fm.net\/site\/wp-json\/wp\/v2\/tags?post=30780"}],"curies":[{"name":"wp","href":"https:\/\/api.w.org\/{rel}","templated":true}]}}