{"id":30753,"date":"2019-06-28T11:04:51","date_gmt":"2019-06-28T14:04:51","guid":{"rendered":"http:\/\/www.radio94fm.net\/site\/?p=30753"},"modified":"2019-06-28T11:04:51","modified_gmt":"2019-06-28T14:04:51","slug":"arraia-do-lar-augusto-silva-tera-musica-ao-vivo-e-barracas-de-comidas-tipicas","status":"publish","type":"post","link":"https:\/\/radio94fm.net\/site\/arraia-do-lar-augusto-silva-tera-musica-ao-vivo-e-barracas-de-comidas-tipicas\/","title":{"rendered":"Arrai\u00e1 do Lar Augusto Silva ter\u00e1 m\u00fasica ao vivo e barracas de comidas t\u00edpicas"},"content":{"rendered":"<p><img decoding=\"async\" src=\"https:\/\/www.radio94fm.net\/site\/wp-content\/uploads\/2016\/12\/FIQUE-POR-DENTRO-BANNER-DENTRO-2.gif\"><\/p>\n<p>&nbsp;<\/p>\n<p>&nbsp;<\/p>\n<p>&nbsp;<\/p>\n<p><span style=\"font-weight: 400;\">O Lar Augusto Silva, vai realizar no dia 07 de julho sua tradicional Festa Junina em prol do Lar S\u00e3o Miguel.&nbsp;<\/span>No evento, haver\u00e1 barraquinhas de comidas t\u00edpicas, como canjicada, caldos e feij\u00e3o tropeiro al\u00e9m de m\u00fasica ao vivo. A festa ter\u00e1 in\u00edcio a partir das 16 horas. Clique e confira a mat\u00e9ria:<\/p>\n<p>&nbsp;<\/p>\n<p>&nbsp;<\/p>\n<p>&nbsp;<\/p>\n<p>&nbsp;<\/p>\n<audio class=\"wp-audio-shortcode\" id=\"audio-30753-1\" preload=\"none\" style=\"width: 100%;\" controls=\"controls\"><source type=\"audio\/mpeg\" src=\"https:\/\/www.radio94fm.net\/site\/wp-content\/uploads\/2019\/06\/FPD-ARRAIA-DO-LAR-AUGUSTO-SILVA-14-06-19-Adelina.mp3?_=1\" \/><a href=\"https:\/\/www.radio94fm.net\/site\/wp-content\/uploads\/2019\/06\/FPD-ARRAIA-DO-LAR-AUGUSTO-SILVA-14-06-19-Adelina.mp3\">https:\/\/www.radio94fm.net\/site\/wp-content\/uploads\/2019\/06\/FPD-ARRAIA-DO-LAR-AUGUSTO-SILVA-14-06-19-Adelina.mp3<\/a><\/audio>\n<p>&nbsp;<\/p>\n<p>&nbsp;<\/p>\n<p>&nbsp;<\/p>\n<p>&nbsp;<\/p>\n<p>&nbsp;<\/p>\n<p><img loading=\"lazy\" decoding=\"async\" title=\"\" src=\"https:\/\/www.radio94fm.net\/site\/wp-content\/uploads\/2017\/05\/FIQUE-POR-DENTRO-HORARIO-6-1.gif\" alt=\"\" width=\"604\" height=\"144\"><\/p>\n<p>&nbsp;<\/p>\n<p>&nbsp;<\/p>\n<p>&nbsp;<\/p>\n<p>&nbsp;<\/p>\n","protected":false},"excerpt":{"rendered":"<p>&nbsp; &nbsp; &nbsp; O Lar Augusto Silva, vai realizar no dia 07 de julho sua tradicional Festa Junina em prol do Lar S\u00e3o Miguel.&nbsp;No evento, haver\u00e1 barraquinhas de comidas t\u00edpicas, como canjicada, caldos e feij\u00e3o tropeiro al\u00e9m de m\u00fasica ao vivo. A festa ter\u00e1 in\u00edcio a partir das 16 horas. Clique e confira a mat\u00e9ria:&#8230;<\/p>\n","protected":false},"author":1,"featured_media":30755,"comment_status":"open","ping_status":"closed","sticky":false,"template":"","format":"standard","meta":{"ngg_post_thumbnail":0,"footnotes":""},"categories":[54],"tags":[],"class_list":["post-30753","post","type-post","status-publish","format-standard","has-post-thumbnail","hentry","category-fique-por-dentro","have-post-thumb"],"_links":{"self":[{"href":"https:\/\/radio94fm.net\/site\/wp-json\/wp\/v2\/posts\/30753","targetHints":{"allow":["GET"]}}],"collection":[{"href":"https:\/\/radio94fm.net\/site\/wp-json\/wp\/v2\/posts"}],"about":[{"href":"https:\/\/radio94fm.net\/site\/wp-json\/wp\/v2\/types\/post"}],"author":[{"embeddable":true,"href":"https:\/\/radio94fm.net\/site\/wp-json\/wp\/v2\/users\/1"}],"replies":[{"embeddable":true,"href":"https:\/\/radio94fm.net\/site\/wp-json\/wp\/v2\/comments?post=30753"}],"version-history":[{"count":0,"href":"https:\/\/radio94fm.net\/site\/wp-json\/wp\/v2\/posts\/30753\/revisions"}],"wp:attachment":[{"href":"https:\/\/radio94fm.net\/site\/wp-json\/wp\/v2\/media?parent=30753"}],"wp:term":[{"taxonomy":"category","embeddable":true,"href":"https:\/\/radio94fm.net\/site\/wp-json\/wp\/v2\/categories?post=30753"},{"taxonomy":"post_tag","embeddable":true,"href":"https:\/\/radio94fm.net\/site\/wp-json\/wp\/v2\/tags?post=30753"}],"curies":[{"name":"wp","href":"https:\/\/api.w.org\/{rel}","templated":true}]}}